{"id":35189,"date":"2015-04-18T14:00:00","date_gmt":"2015-04-18T19:00:00","guid":{"rendered":"http:\/\/fraynelson.com\/blog\/?p=35189"},"modified":"2015-04-16T21:52:23","modified_gmt":"2015-04-17T02:52:23","slug":"himnos-de-completas-domingo-y-solemnidades-despues-de-i-visperas-este-bendito-silencio","status":"publish","type":"post","link":"https:\/\/fraynelson.com\/blog\/2015\/04\/18\/himnos-de-completas-domingo-y-solemnidades-despues-de-i-visperas-este-bendito-silencio\/","title":{"rendered":"Himnos de Completas &#8211; Domingo y solemnidades, despu\u00e9s de I V\u00edsperas &#8211; Este bendito silencio"},"content":{"rendered":"<p><strong>Domingo y solemnidades, despu\u00e9s de I V\u00edsperas &#8211; Este bendito silencio<\/strong><\/p>\n<p>Este bendito silencio,<br \/>\nque rasgan mis palabras,<br \/>\nme ense\u00f1a, Jes\u00fas, el misterio<br \/>\nde la humildad callada<br \/>\nque hay dentro de tu alma<br \/>\npobre, obediente y casta.<\/p>\n<p>La soledad de la tarde<br \/>\ny el fr\u00edo que me hiela<br \/>\nme ense\u00f1an, Jes\u00fas, a esperarte:<br \/>\nsi acaso t\u00fa vinieras<br \/>\nmi coraz\u00f3n te espera<br \/>\ntoda la noche en vela.<\/p>\n<p>Este desierto y camino,<br \/>\nun d\u00eda y otro d\u00eda,<br \/>\nme ense\u00f1a, Se\u00f1or Jesucristo,<br \/>\nque t\u00fa eres mi alegr\u00eda,<br \/>\nmi dulce compa\u00f1\u00eda.<br \/>\n\/\u00a1Ven, Vida de mi vida!\/<\/p>\n<p>Am\u00e9n.<\/p>\n<div class=\"powerpress_player\" id=\"powerpress_player_1327\"><audio class=\"wp-audio-shortcode\" id=\"audio-35189-1\" preload=\"none\" style=\"width: 100%;\" controls=\"controls\"><source type=\"audio\/mpeg\" src=\"http:\/\/fraynelson.com\/conferencias\/oracion\/himnos\/completas\/comp006a.mp3?_=1\" \/><a href=\"http:\/\/fraynelson.com\/conferencias\/oracion\/himnos\/completas\/comp006a.mp3\">http:\/\/fraynelson.com\/conferencias\/oracion\/himnos\/completas\/comp006a.mp3<\/a><\/audio><\/div>\n","protected":false},"excerpt":{"rendered":"<p>Domingo y solemnidades, despu\u00e9s de I V\u00edsperas &#8211; Este bendito silencio Este bendito silencio, que rasgan mis palabras, me ense\u00f1a, Jes\u00fas, el misterio de la humildad callada que hay dentro de tu alma pobre, obediente y casta. La soledad de la tarde y el fr\u00edo que me hiela me ense\u00f1an, Jes\u00fas, a esperarte: si acaso &hellip; <\/p>\n<p class=\"link-more\"><a href=\"https:\/\/fraynelson.com\/blog\/2015\/04\/18\/himnos-de-completas-domingo-y-solemnidades-despues-de-i-visperas-este-bendito-silencio\/\" class=\"more-link\">Continuar leyendo<span class=\"screen-reader-text\"> &#8220;Himnos de Completas &#8211; Domingo y solemnidades, despu\u00e9s de I V\u00edsperas &#8211; Este bendito silencio&#8221;<\/span><\/a><\/p>\n","protected":false},"author":1138,"featured_media":0,"comment_status":"closed","ping_status":"closed","sticky":false,"template":"","format":"standard","meta":{"footnotes":""},"categories":[291,1218,431],"tags":[],"class_list":["post-35189","post","type-post","status-publish","format-standard","hentry","category-audio","category-completas","category-liturgia"],"jetpack_featured_media_url":"","_links":{"self":[{"href":"https:\/\/fraynelson.com\/blog\/wp-json\/wp\/v2\/posts\/35189","targetHints":{"allow":["GET"]}}],"collection":[{"href":"https:\/\/fraynelson.com\/blog\/wp-json\/wp\/v2\/posts"}],"about":[{"href":"https:\/\/fraynelson.com\/blog\/wp-json\/wp\/v2\/types\/post"}],"author":[{"embeddable":true,"href":"https:\/\/fraynelson.com\/blog\/wp-json\/wp\/v2\/users\/1138"}],"replies":[{"embeddable":true,"href":"https:\/\/fraynelson.com\/blog\/wp-json\/wp\/v2\/comments?post=35189"}],"version-history":[{"count":3,"href":"https:\/\/fraynelson.com\/blog\/wp-json\/wp\/v2\/posts\/35189\/revisions"}],"predecessor-version":[{"id":35205,"href":"https:\/\/fraynelson.com\/blog\/wp-json\/wp\/v2\/posts\/35189\/revisions\/35205"}],"wp:attachment":[{"href":"https:\/\/fraynelson.com\/blog\/wp-json\/wp\/v2\/media?parent=35189"}],"wp:term":[{"taxonomy":"category","embeddable":true,"href":"https:\/\/fraynelson.com\/blog\/wp-json\/wp\/v2\/categories?post=35189"},{"taxonomy":"post_tag","embeddable":true,"href":"https:\/\/fraynelson.com\/blog\/wp-json\/wp\/v2\/tags?post=35189"}],"curies":[{"name":"wp","href":"https:\/\/api.w.org\/{rel}","templated":true}]}}