{"id":35186,"date":"2015-04-18T15:47:52","date_gmt":"2015-04-18T20:47:52","guid":{"rendered":"http:\/\/fraynelson.com\/blog\/?p=35186"},"modified":"2015-04-18T18:25:03","modified_gmt":"2015-04-18T23:25:03","slug":"fundamentacion-teologico-moral-de-la-libertad-y-la-conciencia","status":"publish","type":"post","link":"https:\/\/fraynelson.com\/blog\/2015\/04\/18\/fundamentacion-teologico-moral-de-la-libertad-y-la-conciencia\/","title":{"rendered":"Fundamentaci\u00f3n teol\u00f3gico-moral de la libertad y la conciencia"},"content":{"rendered":"<p><a href=\"https:\/\/fraynelson.com\/blog\/wp-content\/uploads\/2015\/04\/2015-04-16-11.36.38.jpg\"><img loading=\"lazy\" decoding=\"async\" src=\"https:\/\/fraynelson.com\/blog\/wp-content\/uploads\/2015\/04\/2015-04-16-11.36.38-1024x576.jpg\" alt=\"2015-04-16 11.36.38\" width=\"584\" height=\"329\" class=\"aligncenter size-large wp-image-35223\" \/><\/a><\/p>\n<p>* La condici\u00f3n cultural en que nos encontramos obliga a iniciar la reflexi\u00f3n teol\u00f3gico-moral en la <strong>libertad<\/strong>. Sin una clarificaci\u00f3n inicial sobre la libertad lo que digamos, por racional que sea, por bien intencionado que sea, y por bien fundamentado que se encuentre en la revelaci\u00f3n, se enfrentar\u00e1 a una objeci\u00f3n pueril pero inexpugnable por parte de aquellos que consideran su propia capacidad de decidir como el tesoro que debe ser custodiado a toda costa. Quienes hacen de su libertad una especie de absoluto de inmediato responder\u00e1n a las exigencias de lo razonable con expresiones notoriamente irresponsables como &#8220;viva y deje vivir&#8221; o &#8220;no pretenda imponer su religi\u00f3n a toda la sociedad.&#8221; Por ello es necesario iniciar con una reflexi\u00f3n sobre la libertad como tal, y ese es el marco m\u00e1s externo de nuestro discurso.<\/p>\n<p>* Lo que no puede negar quien quiere ejercer su libertad es que sus actos tendr\u00e1n <strong>consecuencias<\/strong>. Somos libres, en cierto modo y dentro de ciertos l\u00edmites; libres somos para elegir una u otra opci\u00f3n pero no podemos escapar de las consecuencias de lo que elegimos u optamos. El encuentro con las consecuencias de nuestras opciones est\u00e1 indicando un l\u00edmite externo, inevitable, obstinado, al que pueden darse varios nombres, por ejemplo: principio de realidad. Las consecuencias de lo que hacemos son nuestro primer encuentro con algo que llamamos &#8220;objetividad.&#8221; Es un enga\u00f1o la libertad puramente subjetiva porque ning\u00fan ejercicio de la libertad carece de consecuencias externas que recaen sobre quien ha optado, y luego, de muchos modos, sobre los dem\u00e1s seres humanos y la naturaleza.<\/p>\n<p>* Si hay consecuencias que seguir\u00e1n a los actos, se impone el uso de la <strong>inteligencia <\/strong>antes de actuar. Sin esa inteligencia no se podr\u00eda considerarnos verdaderamente libres pues m\u00e1s bien habr\u00eda que tenernos por esclavos de nuestros \u00edmpetus o caprichos, que luego nos dejan encadenados a las consecuencias de lo optado. Es evidente entonces que toda genuina libertad requiere un grado de previsi\u00f3n, an\u00e1lisis, inteligencia, racionalidad (no <em>racionalismo<\/em>, que es la hipertrofia de la raz\u00f3n, tomada como absoluto).<\/p>\n<p>* Es evidente que la inteligencia busca entre las diversas opciones, alg\u00fan g\u00e9nero de <strong>bien<\/strong>. Posiblemente un bien real; o tal vez un bien aparente, parcial, transitorio o enga\u00f1oso. Pero no puede negarse que busca alg\u00fan tipo de bien. Esta relaci\u00f3n intr\u00ednseca entre el ejercicio de la voluntad y el conocimiento del bien es el sello mismo de nuestra libertad, en el que se ve que ser libre no puede consistir simplemente en hacer lo que venga en gana. Obrar en contra del bien reconocido o del bien desconocido pero posible no es libertad.<\/p>\n<p>* Identificar el bien propio requiere entonces reconocer qu\u00e9 es lo propio de cada ser, y del ser humano mismo. Esto es lo que captura el concepto de &#8220;<strong>naturaleza<\/strong>.&#8221; Somos libres solamente en el reconocimiento del bien propio de cada ser en cada circunstancia,y ello se traduce: somos libres dentro de la <strong>ley <\/strong>natural, entendida esta &#8220;ley&#8221; no como algo definido o promulgado exteriormente por una instancia de la sociedad (como decir: por la Iglesia) sino como el reconocimiento del ser propio de cada cosa. Los que atacan el concepto de ley natural como si fuera algo as\u00ed como &#8220;otro nombre para el pensamiento de la Iglesia&#8221; se enga\u00f1an tristemente. Esas mismas personas, \u00bfc\u00f3mo responden a una pregunta como esta: por qu\u00e9 es m\u00e1s grave matar a un ser humano que a un mosquito? Cualquier an\u00e1lisis semejante obliga a afirmar bienes propios de los humanos que no se dan en los mosquitos, y eso es hacer un an\u00e1lisis de distintas &#8220;naturalezas&#8221;: la del humano y la del mosquito.<\/p>\n<p>* Dentro de la concreci\u00f3n de la ley natural, entendida as\u00ed como \u00e1mbito natural de la libertad humana, cabe preguntarse por la <strong>moralidad<\/strong>, es decir: \u00bfqu\u00e9 hace que un acto sea bueno o malo? La tradici\u00f3n cl\u00e1sica nos lleva al an\u00e1lisis de Santo Tom\u00e1s, para quien los factores fundamentales son: qu\u00e9 se quiso hacer (<em>objeto<\/em>), con qu\u00e9 prop\u00f3sito (<em>intenci\u00f3n<\/em>) y en qu\u00e9 condiciones y con qu\u00e9 consecuencias (<em>circunstancias<\/em>).<\/p>\n<div class=\"powerpress_player\" id=\"powerpress_player_1301\"><audio class=\"wp-audio-shortcode\" id=\"audio-35186-1\" preload=\"none\" style=\"width: 100%;\" controls=\"controls\"><source type=\"audio\/mpeg\" src=\"http:\/\/fraynelson.com\/conferencias\/teologia\/fundamentacion_teologico_moral_de_la_libertad_y_la_conciencia.mp3?_=1\" \/><a href=\"http:\/\/fraynelson.com\/conferencias\/teologia\/fundamentacion_teologico_moral_de_la_libertad_y_la_conciencia.mp3\">http:\/\/fraynelson.com\/conferencias\/teologia\/fundamentacion_teologico_moral_de_la_libertad_y_la_conciencia.mp3<\/a><\/audio><\/div>\n","protected":false},"excerpt":{"rendered":"<p>* La condici\u00f3n cultural en que nos encontramos obliga a iniciar la reflexi\u00f3n teol\u00f3gico-moral en la libertad. Sin una clarificaci\u00f3n inicial sobre la libertad lo que digamos, por racional que sea, por bien intencionado que sea, y por bien fundamentado que se encuentre en la revelaci\u00f3n, se enfrentar\u00e1 a una objeci\u00f3n pueril pero inexpugnable por &hellip; <\/p>\n<p class=\"link-more\"><a href=\"https:\/\/fraynelson.com\/blog\/2015\/04\/18\/fundamentacion-teologico-moral-de-la-libertad-y-la-conciencia\/\" class=\"more-link\">Continuar leyendo<span class=\"screen-reader-text\"> &#8220;Fundamentaci\u00f3n teol\u00f3gico-moral de la libertad y la conciencia&#8221;<\/span><\/a><\/p>\n","protected":false},"author":1138,"featured_media":0,"comment_status":"closed","ping_status":"closed","sticky":false,"template":"","format":"standard","meta":{"footnotes":""},"categories":[291,412,707],"tags":[],"class_list":["post-35186","post","type-post","status-publish","format-standard","hentry","category-audio","category-libertad","category-teologia_moral"],"jetpack_featured_media_url":"","_links":{"self":[{"href":"https:\/\/fraynelson.com\/blog\/wp-json\/wp\/v2\/posts\/35186","targetHints":{"allow":["GET"]}}],"collection":[{"href":"https:\/\/fraynelson.com\/blog\/wp-json\/wp\/v2\/posts"}],"about":[{"href":"https:\/\/fraynelson.com\/blog\/wp-json\/wp\/v2\/types\/post"}],"author":[{"embeddable":true,"href":"https:\/\/fraynelson.com\/blog\/wp-json\/wp\/v2\/users\/1138"}],"replies":[{"embeddable":true,"href":"https:\/\/fraynelson.com\/blog\/wp-json\/wp\/v2\/comments?post=35186"}],"version-history":[{"count":7,"href":"https:\/\/fraynelson.com\/blog\/wp-json\/wp\/v2\/posts\/35186\/revisions"}],"predecessor-version":[{"id":35229,"href":"https:\/\/fraynelson.com\/blog\/wp-json\/wp\/v2\/posts\/35186\/revisions\/35229"}],"wp:attachment":[{"href":"https:\/\/fraynelson.com\/blog\/wp-json\/wp\/v2\/media?parent=35186"}],"wp:term":[{"taxonomy":"category","embeddable":true,"href":"https:\/\/fraynelson.com\/blog\/wp-json\/wp\/v2\/categories?post=35186"},{"taxonomy":"post_tag","embeddable":true,"href":"https:\/\/fraynelson.com\/blog\/wp-json\/wp\/v2\/tags?post=35186"}],"curies":[{"name":"wp","href":"https:\/\/api.w.org\/{rel}","templated":true}]}}