{"id":34033,"date":"2015-02-26T01:10:09","date_gmt":"2015-02-26T06:10:09","guid":{"rendered":"http:\/\/fraynelson.com\/blog\/?p=34033"},"modified":"2015-02-25T18:17:02","modified_gmt":"2015-02-25T23:17:02","slug":"meditacion-en-el-atardecer-de-la-vida","status":"publish","type":"post","link":"https:\/\/fraynelson.com\/blog\/2015\/02\/26\/meditacion-en-el-atardecer-de-la-vida\/","title":{"rendered":"Meditaci\u00f3n en el atardecer de la vida"},"content":{"rendered":"<p>Nos vamos quedando con lo \u00fanico disponible: recuerdos de proyectos pasados, historias que terminaron mal y otras que anduvieron mejor, sue\u00f1os inconclusos, experiencias inolvidables y otras que hay que olvidar porque no aportan nada o muy poco.<\/p>\n<p>Nos vamos quedando con ganas y deseos que a veces una circunstancia feliz nos permite realizar; otras veces preferimos ignorarlos porque cobran muy caro o porque nos ver\u00edamos un poco rid\u00edculos.<\/p>\n<p>Nos quedamos con la piel cansada de sentir, con la memoria de amores pasados, con las manos temblorosas, con olvidos repentinos, con ciertos dolores que revelan algo m\u00e1s que a\u00f1os, con unas pocas fotograf\u00edas viejas de d\u00edas felices y otros no tanto.<\/p>\n<p>Nos quedamos con historias de viajes incre\u00edbles a lugares ex\u00f3ticos, aeropuertos inmensos y otros perdidos en la provincia, una peque\u00f1a valija negra, un libro que se qued\u00f3 en la repisita de una cabina telef\u00f3nica, noches de insomnio en una habitaci\u00f3n de hotel al otro lado del mundo o un tren que avanza a paso de hombre en las alturas del desierto m\u00e1s seco del planeta.<\/p>\n<p>Nos quedamos con preguntas imposibles de hacer porque no hay nadie que pueda responderlas, ideas revolucionarias que al fin no cambiaron nada, novelas que no se pueden escribir porque no se tiene el oficio, poemas que despu\u00e9s de unos a\u00f1os estamos seguros que no tiene sentido alguno publicarlos \u2013 ni mostrarlos a nadie.<\/p>\n<p>Nos quedamos con un silencio saludable, una soledad reparadora, una renuencia a aceptar que nos impongan condiciones y reglas, unas man\u00edas que nosotros no m\u00e1s entendemos y una bronca feroz contra el sistema y sus instituciones.<\/p>\n<p>Nos vamos quedando con unas visitas de tanto en tanto a las hijas y a los nietos, una reuni\u00f3n familiar que agradecemos no se prolongue m\u00e1s all\u00e1 de las diez de la noche, llamadas telef\u00f3nicas para ponerse al d\u00eda y asegurar que todo anda m\u00e1s o menos bien porque perfecto nunca va a estar y eso lo sabemos bien todos aunque a veces no queramos reconocerlo.<\/p>\n<p>Nos vamos quedando con intuiciones que a veces aciertan medio a medio y otras que no andan ni por las tapas. Adquirimos una especie de cinismo y no hacemos caso de las cosas que entusiasman a los m\u00e1s j\u00f3venes o a los inexpertos que creen que el mundo es como se ve.<\/p>\n<p>Nos vamos quedando s\u00f3lo con el asombro porque eso es algo que jam\u00e1s deber\u00edamos perder. Nos vamos quedando con unas pocas personas y algunos lugares que no cambiar\u00edamos por ning\u00fan otro en el mundo. Nos vamos quedando con algunas penas definitivas y algunas alegr\u00edas inesperadas. Con eso es m\u00e1s que suficiente\u2026<\/p>\n<p>[<em>Recibido en correo de A. Rojas<\/em>]<\/p>\n","protected":false},"excerpt":{"rendered":"<p>Nos vamos quedando con lo \u00fanico disponible: recuerdos de proyectos pasados, historias que terminaron mal y otras que anduvieron mejor, sue\u00f1os inconclusos, experiencias inolvidables y otras que hay que olvidar porque no aportan nada o muy poco. Nos vamos quedando con ganas y deseos que a veces una circunstancia feliz nos permite realizar; otras veces &hellip; <\/p>\n<p class=\"link-more\"><a href=\"https:\/\/fraynelson.com\/blog\/2015\/02\/26\/meditacion-en-el-atardecer-de-la-vida\/\" class=\"more-link\">Continuar leyendo<span class=\"screen-reader-text\"> &#8220;Meditaci\u00f3n en el atardecer de la vida&#8221;<\/span><\/a><\/p>\n","protected":false},"author":1138,"featured_media":0,"comment_status":"closed","ping_status":"closed","sticky":false,"template":"","format":"standard","meta":{"footnotes":""},"categories":[29],"tags":[],"class_list":["post-34033","post","type-post","status-publish","format-standard","hentry","category-meditaciones"],"jetpack_featured_media_url":"","_links":{"self":[{"href":"https:\/\/fraynelson.com\/blog\/wp-json\/wp\/v2\/posts\/34033","targetHints":{"allow":["GET"]}}],"collection":[{"href":"https:\/\/fraynelson.com\/blog\/wp-json\/wp\/v2\/posts"}],"about":[{"href":"https:\/\/fraynelson.com\/blog\/wp-json\/wp\/v2\/types\/post"}],"author":[{"embeddable":true,"href":"https:\/\/fraynelson.com\/blog\/wp-json\/wp\/v2\/users\/1138"}],"replies":[{"embeddable":true,"href":"https:\/\/fraynelson.com\/blog\/wp-json\/wp\/v2\/comments?post=34033"}],"version-history":[{"count":1,"href":"https:\/\/fraynelson.com\/blog\/wp-json\/wp\/v2\/posts\/34033\/revisions"}],"predecessor-version":[{"id":34034,"href":"https:\/\/fraynelson.com\/blog\/wp-json\/wp\/v2\/posts\/34033\/revisions\/34034"}],"wp:attachment":[{"href":"https:\/\/fraynelson.com\/blog\/wp-json\/wp\/v2\/media?parent=34033"}],"wp:term":[{"taxonomy":"category","embeddable":true,"href":"https:\/\/fraynelson.com\/blog\/wp-json\/wp\/v2\/categories?post=34033"},{"taxonomy":"post_tag","embeddable":true,"href":"https:\/\/fraynelson.com\/blog\/wp-json\/wp\/v2\/tags?post=34033"}],"curies":[{"name":"wp","href":"https:\/\/api.w.org\/{rel}","templated":true}]}}