{"id":33956,"date":"2015-02-23T16:00:29","date_gmt":"2015-02-23T21:00:29","guid":{"rendered":"http:\/\/fraynelson.com\/blog\/?p=33956"},"modified":"2015-02-22T21:58:55","modified_gmt":"2015-02-23T02:58:55","slug":"curso-de-liderazgo-catolico-para-el-siglo-xxi-1-de-8-miradas","status":"publish","type":"post","link":"https:\/\/fraynelson.com\/blog\/2015\/02\/23\/curso-de-liderazgo-catolico-para-el-siglo-xxi-1-de-8-miradas\/","title":{"rendered":"Curso de Liderazgo Cat\u00f3lico para el siglo XXI, 1 de 8: Miradas"},"content":{"rendered":"<p>[<em>Curso de Formaci\u00f3n con un grupo de Superioras de las Hermanas Canonesas de la Cruz. Lima, enero de 2015<\/em>.]<\/p>\n<p><strong>Sesi\u00f3n 1 de 8: Miradas<\/strong><\/p>\n<p><iframe loading=\"lazy\" title=\"Curso de Liderazgo Cat\u00f3lico para el siglo XXI, 1 de 8: Miradas\" width=\"525\" height=\"295\" src=\"https:\/\/www.youtube.com\/embed\/3l_ZOv9AT70?feature=oembed\" frameborder=\"0\" allow=\"accelerometer; autoplay; clipboard-write; encrypted-media; gyroscope; picture-in-picture; web-share\" referrerpolicy=\"strict-origin-when-cross-origin\" allowfullscreen><\/iframe><\/p>\n<p>Todo empieza con una palabra y una mirada<br \/>\n* G\u00e9nesis 3: la palabra de la serpiente; y luego Eva &#8220;vio que la fruta era deleitable.&#8221;<br \/>\n* La mirada abre el coraz\u00f3n: lo hace vulnerable: a lo bueno y a lo malo. Importancia de &#8220;saber mirar&#8221;<br \/>\n* Lucas 19: Zaqueo quiere ver a Jes\u00fas.<\/p>\n<p>Tres miradas ante la Cruz<br \/>\n* Mar\u00eda Magdalena, Juan Evangelista, Mar\u00eda Virgen: redimidos, disc\u00edpulos, unidos a \u00c9l.<br \/>\n* Podemos describir esas miradas como alegor\u00edas de la v\u00eda purgativa, v\u00eda iluminativa y  v\u00eda unitiva<br \/>\n* O tambi\u00e9n: la fe, la esperanza y el amor.<br \/>\n* Otra serie: Se puede vencer al infierno; Se puede ser peregrino; Se puede anhelar el Cielo.<br \/>\n* Pasado, presente y futuro<\/p>\n<p>Las miradas in\u00fatiles<br \/>\n* Son las que se concentran en uno mismo, en los problemas, en los enemigos, o en las nostalgias.<br \/>\n* Pablo quiere que venzamos esa inutilidad: &#8220;Acu\u00e9rdate de Jesucristo!&#8221;<\/p>\n<p>Preguntas de profundizaci\u00f3n<br \/>\n* \u00bfQu\u00e9 puedo aprender yo de las tres miradas ante la Cruz?<br \/>\n* \u00bfA qu\u00e9 mirada nos llama el Se\u00f1or en este momento de nuestra historia?<br \/>\n* \u00bfQu\u00e9 otras miradas compiten hoy con este &#8220;ver a Cristo&#8221;?<\/p>\n<div class=\"powerpress_player\" id=\"powerpress_player_9129\"><audio class=\"wp-audio-shortcode\" id=\"audio-33956-1\" preload=\"none\" style=\"width: 100%;\" controls=\"controls\"><source type=\"audio\/mpeg\" src=\"http:\/\/fraynelson.com\/conferencias\/vida_consagrada\/liderazgo_catolico_1de8.mp3?_=1\" \/><a href=\"http:\/\/fraynelson.com\/conferencias\/vida_consagrada\/liderazgo_catolico_1de8.mp3\">http:\/\/fraynelson.com\/conferencias\/vida_consagrada\/liderazgo_catolico_1de8.mp3<\/a><\/audio><\/div>\n","protected":false},"excerpt":{"rendered":"<p>[Curso de Formaci\u00f3n con un grupo de Superioras de las Hermanas Canonesas de la Cruz. Lima, enero de 2015.] Sesi\u00f3n 1 de 8: Miradas Todo empieza con una palabra y una mirada * G\u00e9nesis 3: la palabra de la serpiente; y luego Eva &#8220;vio que la fruta era deleitable.&#8221; * La mirada abre el coraz\u00f3n: &hellip; <\/p>\n<p class=\"link-more\"><a href=\"https:\/\/fraynelson.com\/blog\/2015\/02\/23\/curso-de-liderazgo-catolico-para-el-siglo-xxi-1-de-8-miradas\/\" class=\"more-link\">Continuar leyendo<span class=\"screen-reader-text\"> &#8220;Curso de Liderazgo Cat\u00f3lico para el siglo XXI, 1 de 8: Miradas&#8221;<\/span><\/a><\/p>\n","protected":false},"author":1138,"featured_media":0,"comment_status":"closed","ping_status":"closed","sticky":false,"template":"","format":"standard","meta":{"footnotes":""},"categories":[291,676,372,1211],"tags":[],"class_list":["post-33956","post","type-post","status-publish","format-standard","hentry","category-audio","category-cruz-de-jesus","category-liderazgo","category-liderazgo-catolico-para-el-siglo-xxi"],"jetpack_featured_media_url":"","_links":{"self":[{"href":"https:\/\/fraynelson.com\/blog\/wp-json\/wp\/v2\/posts\/33956","targetHints":{"allow":["GET"]}}],"collection":[{"href":"https:\/\/fraynelson.com\/blog\/wp-json\/wp\/v2\/posts"}],"about":[{"href":"https:\/\/fraynelson.com\/blog\/wp-json\/wp\/v2\/types\/post"}],"author":[{"embeddable":true,"href":"https:\/\/fraynelson.com\/blog\/wp-json\/wp\/v2\/users\/1138"}],"replies":[{"embeddable":true,"href":"https:\/\/fraynelson.com\/blog\/wp-json\/wp\/v2\/comments?post=33956"}],"version-history":[{"count":4,"href":"https:\/\/fraynelson.com\/blog\/wp-json\/wp\/v2\/posts\/33956\/revisions"}],"predecessor-version":[{"id":33977,"href":"https:\/\/fraynelson.com\/blog\/wp-json\/wp\/v2\/posts\/33956\/revisions\/33977"}],"wp:attachment":[{"href":"https:\/\/fraynelson.com\/blog\/wp-json\/wp\/v2\/media?parent=33956"}],"wp:term":[{"taxonomy":"category","embeddable":true,"href":"https:\/\/fraynelson.com\/blog\/wp-json\/wp\/v2\/categories?post=33956"},{"taxonomy":"post_tag","embeddable":true,"href":"https:\/\/fraynelson.com\/blog\/wp-json\/wp\/v2\/tags?post=33956"}],"curies":[{"name":"wp","href":"https:\/\/api.w.org\/{rel}","templated":true}]}}