{"id":33835,"date":"2015-02-26T12:07:23","date_gmt":"2015-02-26T17:07:23","guid":{"rendered":"http:\/\/fraynelson.com\/blog\/?p=33835"},"modified":"2015-02-20T23:07:33","modified_gmt":"2015-02-21T04:07:33","slug":"la-gracia-del-sabado-28-de-febrero-de-2015","status":"publish","type":"post","link":"https:\/\/fraynelson.com\/blog\/2015\/02\/26\/la-gracia-del-sabado-28-de-febrero-de-2015\/","title":{"rendered":"LA GRACIA del S\u00e1bado 28 de Febrero de 2015"},"content":{"rendered":"<p>La conversi\u00f3n debe sacarnos al fin de la mentalidad de transacci\u00f3n en nuestra relaci\u00f3n con Dios, para llevarnos a la l\u00f3gica de la comuni\u00f3n y la gratuidad.<\/p>\n<div class=\"powerpress_player\" id=\"powerpress_player_6964\"><audio class=\"wp-audio-shortcode\" id=\"audio-33835-1\" preload=\"none\" style=\"width: 100%;\" controls=\"controls\"><source type=\"audio\/mpeg\" src=\"http:\/\/traffic.libsyn.com\/fraynelson\/20150228.mp3?_=1\" \/><a href=\"http:\/\/traffic.libsyn.com\/fraynelson\/20150228.mp3\">http:\/\/traffic.libsyn.com\/fraynelson\/20150228.mp3<\/a><\/audio><\/div>\n<p><iframe loading=\"lazy\" title=\"LA GRACIA del S\u00e1bado 28 de Febrero de 2015\" width=\"525\" height=\"295\" src=\"https:\/\/www.youtube.com\/embed\/1Ikm6lioB4c?feature=oembed\" frameborder=\"0\" allow=\"accelerometer; autoplay; clipboard-write; encrypted-media; gyroscope; picture-in-picture; web-share\" referrerpolicy=\"strict-origin-when-cross-origin\" allowfullscreen><\/iframe><\/p>\n<p>[REPRODUCCI\u00d3N PERMITIDA &#8211; Ay\u00fadanos a divulgar este archivo de audio en las redes sociales, blogs, emisoras de radio, y otros medios.]<\/p>\n","protected":false},"excerpt":{"rendered":"<p>La conversi\u00f3n debe sacarnos al fin de la mentalidad de transacci\u00f3n en nuestra relaci\u00f3n con Dios, para llevarnos a la l\u00f3gica de la comuni\u00f3n y la gratuidad. [REPRODUCCI\u00d3N PERMITIDA &#8211; Ay\u00fadanos a divulgar este archivo de audio en las redes sociales, blogs, emisoras de radio, y otros medios.]<\/p>\n","protected":false},"author":1138,"featured_media":0,"comment_status":"closed","ping_status":"closed","sticky":false,"template":"","format":"standard","meta":{"footnotes":""},"categories":[291,322,319,307,841,302],"tags":[],"class_list":["post-33835","post","type-post","status-publish","format-standard","hentry","category-audio","category-conversion","category-gracia","category-homilias","category-micro-homilias","category-video"],"jetpack_featured_media_url":"","_links":{"self":[{"href":"https:\/\/fraynelson.com\/blog\/wp-json\/wp\/v2\/posts\/33835","targetHints":{"allow":["GET"]}}],"collection":[{"href":"https:\/\/fraynelson.com\/blog\/wp-json\/wp\/v2\/posts"}],"about":[{"href":"https:\/\/fraynelson.com\/blog\/wp-json\/wp\/v2\/types\/post"}],"author":[{"embeddable":true,"href":"https:\/\/fraynelson.com\/blog\/wp-json\/wp\/v2\/users\/1138"}],"replies":[{"embeddable":true,"href":"https:\/\/fraynelson.com\/blog\/wp-json\/wp\/v2\/comments?post=33835"}],"version-history":[{"count":2,"href":"https:\/\/fraynelson.com\/blog\/wp-json\/wp\/v2\/posts\/33835\/revisions"}],"predecessor-version":[{"id":33856,"href":"https:\/\/fraynelson.com\/blog\/wp-json\/wp\/v2\/posts\/33835\/revisions\/33856"}],"wp:attachment":[{"href":"https:\/\/fraynelson.com\/blog\/wp-json\/wp\/v2\/media?parent=33835"}],"wp:term":[{"taxonomy":"category","embeddable":true,"href":"https:\/\/fraynelson.com\/blog\/wp-json\/wp\/v2\/categories?post=33835"},{"taxonomy":"post_tag","embeddable":true,"href":"https:\/\/fraynelson.com\/blog\/wp-json\/wp\/v2\/tags?post=33835"}],"curies":[{"name":"wp","href":"https:\/\/api.w.org\/{rel}","templated":true}]}}