{"id":33832,"date":"2015-02-23T12:07:31","date_gmt":"2015-02-23T17:07:31","guid":{"rendered":"http:\/\/fraynelson.com\/blog\/?p=33832"},"modified":"2015-02-20T23:02:38","modified_gmt":"2015-02-21T04:02:38","slug":"la-gracia-del-miercoles-25-de-febrero-de-2015","status":"publish","type":"post","link":"https:\/\/fraynelson.com\/blog\/2015\/02\/23\/la-gracia-del-miercoles-25-de-febrero-de-2015\/","title":{"rendered":"LA GRACIA del Mi\u00e9rcoles 25 de Febrero de 2015"},"content":{"rendered":"<p>El tama\u00f1o descomunal de N\u00ednive es una indicaci\u00f3n de que el mundo entero est\u00e1 llamado a conversi\u00f3n profunda.<\/p>\n<div class=\"powerpress_player\" id=\"powerpress_player_4557\"><audio class=\"wp-audio-shortcode\" id=\"audio-33832-1\" preload=\"none\" style=\"width: 100%;\" controls=\"controls\"><source type=\"audio\/mpeg\" src=\"http:\/\/traffic.libsyn.com\/fraynelson\/20150225.mp3?_=1\" \/><a href=\"http:\/\/traffic.libsyn.com\/fraynelson\/20150225.mp3\">http:\/\/traffic.libsyn.com\/fraynelson\/20150225.mp3<\/a><\/audio><\/div>\n<p><iframe loading=\"lazy\" title=\"LA GRACIA del Mi\u00e9rcoles 25 de Febrero de 2015\" width=\"525\" height=\"295\" src=\"https:\/\/www.youtube.com\/embed\/LEyTrU3tk8g?feature=oembed\" frameborder=\"0\" allow=\"accelerometer; autoplay; clipboard-write; encrypted-media; gyroscope; picture-in-picture; web-share\" referrerpolicy=\"strict-origin-when-cross-origin\" allowfullscreen><\/iframe><\/p>\n<p>[REPRODUCCI\u00d3N PERMITIDA &#8211; Ay\u00fadanos a divulgar este archivo de audio en las redes sociales, blogs, emisoras de radio, y otros medios.]<\/p>\n","protected":false},"excerpt":{"rendered":"<p>El tama\u00f1o descomunal de N\u00ednive es una indicaci\u00f3n de que el mundo entero est\u00e1 llamado a conversi\u00f3n profunda. [REPRODUCCI\u00d3N PERMITIDA &#8211; Ay\u00fadanos a divulgar este archivo de audio en las redes sociales, blogs, emisoras de radio, y otros medios.]<\/p>\n","protected":false},"author":1138,"featured_media":0,"comment_status":"closed","ping_status":"closed","sticky":false,"template":"","format":"standard","meta":{"footnotes":""},"categories":[291,322,307,841,302],"tags":[],"class_list":["post-33832","post","type-post","status-publish","format-standard","hentry","category-audio","category-conversion","category-homilias","category-micro-homilias","category-video"],"jetpack_featured_media_url":"","_links":{"self":[{"href":"https:\/\/fraynelson.com\/blog\/wp-json\/wp\/v2\/posts\/33832","targetHints":{"allow":["GET"]}}],"collection":[{"href":"https:\/\/fraynelson.com\/blog\/wp-json\/wp\/v2\/posts"}],"about":[{"href":"https:\/\/fraynelson.com\/blog\/wp-json\/wp\/v2\/types\/post"}],"author":[{"embeddable":true,"href":"https:\/\/fraynelson.com\/blog\/wp-json\/wp\/v2\/users\/1138"}],"replies":[{"embeddable":true,"href":"https:\/\/fraynelson.com\/blog\/wp-json\/wp\/v2\/comments?post=33832"}],"version-history":[{"count":2,"href":"https:\/\/fraynelson.com\/blog\/wp-json\/wp\/v2\/posts\/33832\/revisions"}],"predecessor-version":[{"id":33853,"href":"https:\/\/fraynelson.com\/blog\/wp-json\/wp\/v2\/posts\/33832\/revisions\/33853"}],"wp:attachment":[{"href":"https:\/\/fraynelson.com\/blog\/wp-json\/wp\/v2\/media?parent=33832"}],"wp:term":[{"taxonomy":"category","embeddable":true,"href":"https:\/\/fraynelson.com\/blog\/wp-json\/wp\/v2\/categories?post=33832"},{"taxonomy":"post_tag","embeddable":true,"href":"https:\/\/fraynelson.com\/blog\/wp-json\/wp\/v2\/tags?post=33832"}],"curies":[{"name":"wp","href":"https:\/\/api.w.org\/{rel}","templated":true}]}}