{"id":33468,"date":"2015-02-10T12:54:33","date_gmt":"2015-02-10T17:54:33","guid":{"rendered":"http:\/\/fraynelson.com\/blog\/?p=33468"},"modified":"2015-02-05T22:56:38","modified_gmt":"2015-02-06T03:56:38","slug":"la-gracia-del-jueves-12-de-febrero-de-2015","status":"publish","type":"post","link":"https:\/\/fraynelson.com\/blog\/2015\/02\/10\/la-gracia-del-jueves-12-de-febrero-de-2015\/","title":{"rendered":"LA GRACIA del Jueves 12 de Febrero de 2015"},"content":{"rendered":"<p>Cuando el G\u00e9nesis habla de los or\u00edgenes no se limita al origen de las cosas sino que tambi\u00e9n pregunta por el origen del mal, de la soledad, y otras cuestiones semejantes.<\/p>\n<div class=\"powerpress_player\" id=\"powerpress_player_4567\"><audio class=\"wp-audio-shortcode\" id=\"audio-33468-1\" preload=\"none\" style=\"width: 100%;\" controls=\"controls\"><source type=\"audio\/mpeg\" src=\"http:\/\/traffic.libsyn.com\/fraynelson\/20150212.mp3?_=1\" \/><a href=\"http:\/\/traffic.libsyn.com\/fraynelson\/20150212.mp3\">http:\/\/traffic.libsyn.com\/fraynelson\/20150212.mp3<\/a><\/audio><\/div>\n<p><iframe loading=\"lazy\" title=\"LA GRACIA del Jueves 12 de Febrero de 2015\" width=\"525\" height=\"295\" src=\"https:\/\/www.youtube.com\/embed\/MLy8kPWizns?feature=oembed\" frameborder=\"0\" allow=\"accelerometer; autoplay; clipboard-write; encrypted-media; gyroscope; picture-in-picture; web-share\" referrerpolicy=\"strict-origin-when-cross-origin\" allowfullscreen><\/iframe><\/p>\n<p>[REPRODUCCI\u00d3N PERMITIDA &#8211; Ay\u00fadanos a divulgar este archivo de audio en las redes sociales, blogs, emisoras de radio, y otros medios.]<\/p>\n","protected":false},"excerpt":{"rendered":"<p>Cuando el G\u00e9nesis habla de los or\u00edgenes no se limita al origen de las cosas sino que tambi\u00e9n pregunta por el origen del mal, de la soledad, y otras cuestiones semejantes. [REPRODUCCI\u00d3N PERMITIDA &#8211; Ay\u00fadanos a divulgar este archivo de audio en las redes sociales, blogs, emisoras de radio, y otros medios.]<\/p>\n","protected":false},"author":1138,"featured_media":0,"comment_status":"closed","ping_status":"closed","sticky":false,"template":"","format":"standard","meta":{"footnotes":""},"categories":[291,47,307,841,302],"tags":[],"class_list":["post-33468","post","type-post","status-publish","format-standard","hentry","category-audio","category-filosofia-y-psicologia","category-homilias","category-micro-homilias","category-video"],"jetpack_featured_media_url":"","_links":{"self":[{"href":"https:\/\/fraynelson.com\/blog\/wp-json\/wp\/v2\/posts\/33468","targetHints":{"allow":["GET"]}}],"collection":[{"href":"https:\/\/fraynelson.com\/blog\/wp-json\/wp\/v2\/posts"}],"about":[{"href":"https:\/\/fraynelson.com\/blog\/wp-json\/wp\/v2\/types\/post"}],"author":[{"embeddable":true,"href":"https:\/\/fraynelson.com\/blog\/wp-json\/wp\/v2\/users\/1138"}],"replies":[{"embeddable":true,"href":"https:\/\/fraynelson.com\/blog\/wp-json\/wp\/v2\/comments?post=33468"}],"version-history":[{"count":2,"href":"https:\/\/fraynelson.com\/blog\/wp-json\/wp\/v2\/posts\/33468\/revisions"}],"predecessor-version":[{"id":33483,"href":"https:\/\/fraynelson.com\/blog\/wp-json\/wp\/v2\/posts\/33468\/revisions\/33483"}],"wp:attachment":[{"href":"https:\/\/fraynelson.com\/blog\/wp-json\/wp\/v2\/media?parent=33468"}],"wp:term":[{"taxonomy":"category","embeddable":true,"href":"https:\/\/fraynelson.com\/blog\/wp-json\/wp\/v2\/categories?post=33468"},{"taxonomy":"post_tag","embeddable":true,"href":"https:\/\/fraynelson.com\/blog\/wp-json\/wp\/v2\/tags?post=33468"}],"curies":[{"name":"wp","href":"https:\/\/api.w.org\/{rel}","templated":true}]}}