{"id":33041,"date":"2015-01-13T01:39:15","date_gmt":"2015-01-13T06:39:15","guid":{"rendered":"http:\/\/fraynelson.com\/blog\/?p=33041"},"modified":"2015-01-11T12:10:41","modified_gmt":"2015-01-11T17:10:41","slug":"ser-o-no-ser-charlie-hebdo-cinco-preguntas","status":"publish","type":"post","link":"https:\/\/fraynelson.com\/blog\/2015\/01\/13\/ser-o-no-ser-charlie-hebdo-cinco-preguntas\/","title":{"rendered":"Ser o no ser Charlie Hebdo: cinco preguntas"},"content":{"rendered":"<h1>1.<\/h1>\n<p><strong>\u00bfPor qu\u00e9 el mundo es m\u00e1s sensible a unas tragedias que otras?<\/strong> Ejemplos de otras tragedias: En su \u00faltima avanzada, Boko Haram asesin\u00f3 dos mil personas; en Iraq contin\u00faa la persecuci\u00f3n sistem\u00e1tica de kurdos y cristianos; los abortos voluntarios se cuentan por miles y miles cada d\u00eda. \u00bfD\u00f3nde est\u00e1n esas otras marchas?<\/p>\n<\/p>\n<h1>2.<\/h1>\n<p>En las marchas de Par\u00eds, y otros lugares, <strong>\u00bfqu\u00e9 concepto hay de &#8220;libertad de expresi\u00f3n&#8221;?<\/strong> En particular, \u00bfc\u00f3mo se supone que debe articularse esa libertad con la responsabilidad social de tener una voz p\u00fablica? \u00bfEstamos dispuestos a respaldar la libertad para insultar, denigrar, humillar, y todo queda resulto con decir que es un lenguaje &#8220;sarc\u00e1stico&#8221;? \u00bfEl antisemitismo, la islamofobia, la blasfemia quedan autom\u00e1ticamente aprobados por las marchas en Francia?<\/p>\n<\/p>\n<h1>3.<\/h1>\n<p><img decoding=\"async\" align=\"right\" src=\"http:\/\/fraynelson.com\/banco_imagenes\/chebdo.jpg\" \/>Una muerte violenta, a manos de cobardes armados, no hace autom\u00e1ticamente buena la vida as\u00ed mutilada. Hay en esto un extra\u00f1o principio hermen\u00e9utico que ha sido implantado exitosamente por el comunismo en muchos lugares, y que pretende exaltar al agredido con el prop\u00f3sito de castigar al agresor. \u00bfSomos conscientes de que entre la consigna &#8220;el que sufre es inocente&#8221; y la consigna &#8220;el que sufre se merece su sufrimiento&#8221; hay una amplia serie de matices? <strong>\u00bfNos damos cuenta que en el caso del periodismo irresponsable de Charlie Hebdo nos quieren obligar a saltar del extremo de la reprobaci\u00f3n al extremo de la canonizaci\u00f3n?<\/strong> \u00bfY si yo prefiero rechazar A LA VEZ la violencia de esa clase de periodistas y la de los terroristas, sin caer en ninguno de los dos extremos?<\/p>\n<\/p>\n<h1>4.<\/h1>\n<p>Es clara la hipocres\u00eda pol\u00edtica de una marcha en la que lo \u00fanico que parece grave es no hacerse presente. Como anotaba Michele Tribalat, <strong>\u00bfcu\u00e1ntos de los medios de comunicaci\u00f3n que cubren las marchas estar\u00edan dispuestos a republicar las grotescas caricaturas contra Mahoma que hicieron tristemente famoso a Charlie Hebdo?<\/strong> \u00bfCu\u00e1ntos pa\u00edses que env\u00edan altos representantes a las calles de Par\u00eds contienen leyes que de hecho impedir\u00edan la publicaci\u00f3n o reimpresi\u00f3n de Charlie Hebdo en su propio territorio? \u00bfNo resulta excesivamente f\u00e1cil ser valiente con los muertos ajenos?<\/p>\n<\/p>\n<h1>5.<\/h1>\n<p><strong>\u00bfQu\u00e9 sigue despu\u00e9s de las marchas?<\/strong> Reivindicada as\u00ed la &#8220;libertad (irresponsable) de expresi\u00f3n,&#8221; queda claro que las religiones deben aceptar que en una &#8220;sociedad democr\u00e1tica y libre&#8221; cualquiera puede blasfemar y que lo malo es oponerse porque ello, seg\u00fan esa mentalidad, lo sit\u00faa a uno del lado de los terroristas salvajes, primitivos, ignorantes, fundamentalistas y dogm\u00e1ticos. \u00bfTienen consciencia de ello los sacerdotes y religiosos que pasan un cheque en blanco de respaldo a los manifestantes de &#8220;<em>Je Suis Charlie<\/em>&#8220;?<\/p>\n","protected":false},"excerpt":{"rendered":"<p>1. \u00bfPor qu\u00e9 el mundo es m\u00e1s sensible a unas tragedias que otras? Ejemplos de otras tragedias: En su \u00faltima avanzada, Boko Haram asesin\u00f3 dos mil personas; en Iraq contin\u00faa la persecuci\u00f3n sistem\u00e1tica de kurdos y cristianos; los abortos voluntarios se cuentan por miles y miles cada d\u00eda. \u00bfD\u00f3nde est\u00e1n esas otras marchas? 2. En &hellip; <\/p>\n<p class=\"link-more\"><a href=\"https:\/\/fraynelson.com\/blog\/2015\/01\/13\/ser-o-no-ser-charlie-hebdo-cinco-preguntas\/\" class=\"more-link\">Continuar leyendo<span class=\"screen-reader-text\"> &#8220;Ser o no ser Charlie Hebdo: cinco preguntas&#8221;<\/span><\/a><\/p>\n","protected":false},"author":1138,"featured_media":0,"comment_status":"closed","ping_status":"closed","sticky":false,"template":"","format":"standard","meta":{"footnotes":""},"categories":[412,570,38],"tags":[],"class_list":["post-33041","post","type-post","status-publish","format-standard","hentry","category-libertad","category-occidente","category-sociedad"],"jetpack_featured_media_url":"","_links":{"self":[{"href":"https:\/\/fraynelson.com\/blog\/wp-json\/wp\/v2\/posts\/33041","targetHints":{"allow":["GET"]}}],"collection":[{"href":"https:\/\/fraynelson.com\/blog\/wp-json\/wp\/v2\/posts"}],"about":[{"href":"https:\/\/fraynelson.com\/blog\/wp-json\/wp\/v2\/types\/post"}],"author":[{"embeddable":true,"href":"https:\/\/fraynelson.com\/blog\/wp-json\/wp\/v2\/users\/1138"}],"replies":[{"embeddable":true,"href":"https:\/\/fraynelson.com\/blog\/wp-json\/wp\/v2\/comments?post=33041"}],"version-history":[{"count":2,"href":"https:\/\/fraynelson.com\/blog\/wp-json\/wp\/v2\/posts\/33041\/revisions"}],"predecessor-version":[{"id":33046,"href":"https:\/\/fraynelson.com\/blog\/wp-json\/wp\/v2\/posts\/33041\/revisions\/33046"}],"wp:attachment":[{"href":"https:\/\/fraynelson.com\/blog\/wp-json\/wp\/v2\/media?parent=33041"}],"wp:term":[{"taxonomy":"category","embeddable":true,"href":"https:\/\/fraynelson.com\/blog\/wp-json\/wp\/v2\/categories?post=33041"},{"taxonomy":"post_tag","embeddable":true,"href":"https:\/\/fraynelson.com\/blog\/wp-json\/wp\/v2\/tags?post=33041"}],"curies":[{"name":"wp","href":"https:\/\/api.w.org\/{rel}","templated":true}]}}