{"id":3288,"date":"2007-06-30T18:33:00","date_gmt":"2007-06-30T23:33:00","guid":{"rendered":"http:\/\/fraynelson.com\/blog\/?p=3288"},"modified":"2009-10-12T15:10:30","modified_gmt":"2009-10-12T20:10:30","slug":"sanctus-presente-y-futuro","status":"publish","type":"post","link":"https:\/\/fraynelson.com\/blog\/2007\/06\/30\/sanctus-presente-y-futuro\/","title":{"rendered":"SANCTUS: Presente y Futuro"},"content":{"rendered":"<div class=\"powerpress_player\" id=\"powerpress_player_3992\"><audio class=\"wp-audio-shortcode\" id=\"audio-3288-1\" preload=\"none\" style=\"width: 100%;\" controls=\"controls\"><source type=\"audio\/mpeg\" src=\"http:\/\/fraynelson.com\/conferencias\/madurez\/sanctus_presente_y_futuro.mp3?_=1\" \/><a href=\"http:\/\/fraynelson.com\/conferencias\/madurez\/sanctus_presente_y_futuro.mp3\">http:\/\/fraynelson.com\/conferencias\/madurez\/sanctus_presente_y_futuro.mp3<\/a><\/audio><\/div>\n<p>SANCTUS, semilla de un Movimiento Cat\u00f3lico centrado en el misterio de la Pasi\u00f3n de Cristo y en nuestra uni\u00f3n de amor y reparaci\u00f3n con \u00c9l, reflexiona sobre su presente y su futuro, en torno a tres ejes: <span style=\"font-weight:bold;\">1<\/span>. Ser &#8220;movimiento&#8221; y ser &#8220;grupo de oraci\u00f3n y formaci\u00f3n.&#8221; <span style=\"font-weight:bold;\">2<\/span>. Ser comunidad y tener un apostolado. <span style=\"font-weight:bold;\">3<\/span>. Caminos de comunicaci\u00f3n y perfil de la autoridad. Todo ello implica crecimiento en la madurez humana y a la vez en la apertura a la acci\u00f3n del Esp\u00edritu Santo.<\/p>\n","protected":false},"excerpt":{"rendered":"<p>SANCTUS, semilla de un Movimiento Cat\u00f3lico centrado en el misterio de la Pasi\u00f3n de Cristo y en nuestra uni\u00f3n de amor y reparaci\u00f3n con \u00c9l, reflexiona sobre su presente y su futuro, en torno a tres ejes: 1. Ser &#8220;movimiento&#8221; y ser &#8220;grupo de oraci\u00f3n y formaci\u00f3n.&#8221; 2. Ser comunidad y tener un apostolado. 3. &hellip; <\/p>\n<p class=\"link-more\"><a href=\"https:\/\/fraynelson.com\/blog\/2007\/06\/30\/sanctus-presente-y-futuro\/\" class=\"more-link\">Continuar leyendo<span class=\"screen-reader-text\"> &#8220;SANCTUS: Presente y Futuro&#8221;<\/span><\/a><\/p>\n","protected":false},"author":1138,"featured_media":0,"comment_status":"open","ping_status":"open","sticky":false,"template":"","format":"standard","meta":{"footnotes":""},"categories":[348,291,370,346,347],"tags":[],"class_list":["post-3288","post","type-post","status-publish","format-standard","hentry","category-348","category-audio","category-crecimiento_espiritual","category-iglesia","category-sanctus"],"jetpack_featured_media_url":"","_links":{"self":[{"href":"https:\/\/fraynelson.com\/blog\/wp-json\/wp\/v2\/posts\/3288","targetHints":{"allow":["GET"]}}],"collection":[{"href":"https:\/\/fraynelson.com\/blog\/wp-json\/wp\/v2\/posts"}],"about":[{"href":"https:\/\/fraynelson.com\/blog\/wp-json\/wp\/v2\/types\/post"}],"author":[{"embeddable":true,"href":"https:\/\/fraynelson.com\/blog\/wp-json\/wp\/v2\/users\/1138"}],"replies":[{"embeddable":true,"href":"https:\/\/fraynelson.com\/blog\/wp-json\/wp\/v2\/comments?post=3288"}],"version-history":[{"count":0,"href":"https:\/\/fraynelson.com\/blog\/wp-json\/wp\/v2\/posts\/3288\/revisions"}],"wp:attachment":[{"href":"https:\/\/fraynelson.com\/blog\/wp-json\/wp\/v2\/media?parent=3288"}],"wp:term":[{"taxonomy":"category","embeddable":true,"href":"https:\/\/fraynelson.com\/blog\/wp-json\/wp\/v2\/categories?post=3288"},{"taxonomy":"post_tag","embeddable":true,"href":"https:\/\/fraynelson.com\/blog\/wp-json\/wp\/v2\/tags?post=3288"}],"curies":[{"name":"wp","href":"https:\/\/api.w.org\/{rel}","templated":true}]}}