{"id":32547,"date":"2014-12-23T01:48:09","date_gmt":"2014-12-23T06:48:09","guid":{"rendered":"http:\/\/fraynelson.com\/blog\/?p=32547"},"modified":"2014-12-22T08:57:26","modified_gmt":"2014-12-22T13:57:26","slug":"pagina-web-renovada-de-la-santa-sede","status":"publish","type":"post","link":"https:\/\/fraynelson.com\/blog\/2014\/12\/23\/pagina-web-renovada-de-la-santa-sede\/","title":{"rendered":"P\u00e1gina web renovada de la Santa Sede"},"content":{"rendered":"<p>A impulsos del vigor evangelizador del Papa Francisco, y con la colaboraci\u00f3n, sin duda, de muchas personas, el sitio web de la Santa Sede se ha renovado notablemente en los \u00faltimos meses. Si hace un tiempo que no lo visitas, date una vuelta por la p\u00e1gina web del Papa.<\/p>\n<p><a href=\"http:\/\/vatican.va\" target=\"_blank\"><img decoding=\"async\" src=\"http:\/\/fraynelson.com\/banco_imagenes\/recomendados\/20141225.jpg\" alt=\"\" \/><\/p>\n<p>Haz click!<\/a><\/p>\n","protected":false},"excerpt":{"rendered":"<p>A impulsos del vigor evangelizador del Papa Francisco, y con la colaboraci\u00f3n, sin duda, de muchas personas, el sitio web de la Santa Sede se ha renovado notablemente en los \u00faltimos meses. Si hace un tiempo que no lo visitas, date una vuelta por la p\u00e1gina web del Papa. Haz click!<\/p>\n","protected":false},"author":1138,"featured_media":0,"comment_status":"closed","ping_status":"closed","sticky":false,"template":"","format":"standard","meta":{"footnotes":""},"categories":[1063,669],"tags":[],"class_list":["post-32547","post","type-post","status-publish","format-standard","hentry","category-papa-francisco","category-vaticano"],"jetpack_featured_media_url":"","_links":{"self":[{"href":"https:\/\/fraynelson.com\/blog\/wp-json\/wp\/v2\/posts\/32547","targetHints":{"allow":["GET"]}}],"collection":[{"href":"https:\/\/fraynelson.com\/blog\/wp-json\/wp\/v2\/posts"}],"about":[{"href":"https:\/\/fraynelson.com\/blog\/wp-json\/wp\/v2\/types\/post"}],"author":[{"embeddable":true,"href":"https:\/\/fraynelson.com\/blog\/wp-json\/wp\/v2\/users\/1138"}],"replies":[{"embeddable":true,"href":"https:\/\/fraynelson.com\/blog\/wp-json\/wp\/v2\/comments?post=32547"}],"version-history":[{"count":1,"href":"https:\/\/fraynelson.com\/blog\/wp-json\/wp\/v2\/posts\/32547\/revisions"}],"predecessor-version":[{"id":32548,"href":"https:\/\/fraynelson.com\/blog\/wp-json\/wp\/v2\/posts\/32547\/revisions\/32548"}],"wp:attachment":[{"href":"https:\/\/fraynelson.com\/blog\/wp-json\/wp\/v2\/media?parent=32547"}],"wp:term":[{"taxonomy":"category","embeddable":true,"href":"https:\/\/fraynelson.com\/blog\/wp-json\/wp\/v2\/categories?post=32547"},{"taxonomy":"post_tag","embeddable":true,"href":"https:\/\/fraynelson.com\/blog\/wp-json\/wp\/v2\/tags?post=32547"}],"curies":[{"name":"wp","href":"https:\/\/api.w.org\/{rel}","templated":true}]}}