{"id":32316,"date":"2014-12-18T12:52:56","date_gmt":"2014-12-18T17:52:56","guid":{"rendered":"http:\/\/fraynelson.com\/blog\/?p=32316"},"modified":"2014-12-10T17:52:25","modified_gmt":"2014-12-10T22:52:25","slug":"la-gracia-del-sabado-20-de-diciembre-de-2014","status":"publish","type":"post","link":"https:\/\/fraynelson.com\/blog\/2014\/12\/18\/la-gracia-del-sabado-20-de-diciembre-de-2014\/","title":{"rendered":"LA GRACIA del S\u00e1bado 20 de Diciembre de 2014"},"content":{"rendered":"<p>En la Anunciaci\u00f3n a la Virgen Mar\u00eda se unen el gozo de la fecundidad y la alegr\u00eda de la victoria cierta.<\/p>\n<div class=\"powerpress_player\" id=\"powerpress_player_6816\"><audio class=\"wp-audio-shortcode\" id=\"audio-32316-1\" preload=\"none\" style=\"width: 100%;\" controls=\"controls\"><source type=\"audio\/mpeg\" src=\"http:\/\/fraynelson.com\/homilias_mp3\/20141220.mp3?_=1\" \/><a href=\"http:\/\/fraynelson.com\/homilias_mp3\/20141220.mp3\">http:\/\/fraynelson.com\/homilias_mp3\/20141220.mp3<\/a><\/audio><\/div>\n<p><iframe loading=\"lazy\" title=\"LA GRACIA del S\u00e1bado 20 de Diciembre de 2014\" width=\"525\" height=\"295\" src=\"https:\/\/www.youtube.com\/embed\/Bt_CWpx7LVk?feature=oembed\" frameborder=\"0\" allow=\"accelerometer; autoplay; clipboard-write; encrypted-media; gyroscope; picture-in-picture; web-share\" referrerpolicy=\"strict-origin-when-cross-origin\" allowfullscreen><\/iframe><\/p>\n<p>[REPRODUCCI\u00d3N PERMITIDA &#8211; Ay\u00fadanos a divulgar este archivo de audio en las redes sociales, blogs, emisoras de radio, y otros medios.]<\/p>\n","protected":false},"excerpt":{"rendered":"<p>En la Anunciaci\u00f3n a la Virgen Mar\u00eda se unen el gozo de la fecundidad y la alegr\u00eda de la victoria cierta. [REPRODUCCI\u00d3N PERMITIDA &#8211; Ay\u00fadanos a divulgar este archivo de audio en las redes sociales, blogs, emisoras de radio, y otros medios.]<\/p>\n","protected":false},"author":1138,"featured_media":0,"comment_status":"closed","ping_status":"closed","sticky":false,"template":"","format":"standard","meta":{"footnotes":""},"categories":[291,307,841,278,302],"tags":[],"class_list":["post-32316","post","type-post","status-publish","format-standard","hentry","category-audio","category-homilias","category-micro-homilias","category-santa-virgen-maria","category-video"],"jetpack_featured_media_url":"","_links":{"self":[{"href":"https:\/\/fraynelson.com\/blog\/wp-json\/wp\/v2\/posts\/32316","targetHints":{"allow":["GET"]}}],"collection":[{"href":"https:\/\/fraynelson.com\/blog\/wp-json\/wp\/v2\/posts"}],"about":[{"href":"https:\/\/fraynelson.com\/blog\/wp-json\/wp\/v2\/types\/post"}],"author":[{"embeddable":true,"href":"https:\/\/fraynelson.com\/blog\/wp-json\/wp\/v2\/users\/1138"}],"replies":[{"embeddable":true,"href":"https:\/\/fraynelson.com\/blog\/wp-json\/wp\/v2\/comments?post=32316"}],"version-history":[{"count":2,"href":"https:\/\/fraynelson.com\/blog\/wp-json\/wp\/v2\/posts\/32316\/revisions"}],"predecessor-version":[{"id":32331,"href":"https:\/\/fraynelson.com\/blog\/wp-json\/wp\/v2\/posts\/32316\/revisions\/32331"}],"wp:attachment":[{"href":"https:\/\/fraynelson.com\/blog\/wp-json\/wp\/v2\/media?parent=32316"}],"wp:term":[{"taxonomy":"category","embeddable":true,"href":"https:\/\/fraynelson.com\/blog\/wp-json\/wp\/v2\/categories?post=32316"},{"taxonomy":"post_tag","embeddable":true,"href":"https:\/\/fraynelson.com\/blog\/wp-json\/wp\/v2\/tags?post=32316"}],"curies":[{"name":"wp","href":"https:\/\/api.w.org\/{rel}","templated":true}]}}