{"id":32,"date":"2005-08-03T12:45:00","date_gmt":"2005-08-03T17:45:00","guid":{"rendered":"832843859"},"modified":"2005-08-14T12:41:50","modified_gmt":"2005-08-14T12:41:50","slug":"703","status":"publish","type":"post","link":"https:\/\/fraynelson.com\/blog\/2005\/08\/03\/703\/","title":{"rendered":"Cocinando la Paz"},"content":{"rendered":"<p>Hace algo m\u00e1s de 25 a\u00f1os, el Papa Juan Pablo II se arrodill\u00f3 para pedir en voz alta el cese al fuego en Irlanda. Su s\u00faplica a Dios &#8211;y en cierto modo a los propios irlandeses&#8211; ha recibido una se\u00f1al inmensa de realizaci\u00f3n plena con el anuncio que el IRA hizo de dejar las armas el jueves pasado. Adem\u00e1s de las oraciones de este santo Papa, \u00bfqu\u00e9 ha hecho posible el milagro de este llamado de paz, en un mundo que a veces parece polarizado por las fuerzas de la violencia? Hay varias respuestas posibles.<\/p>\n<p><!--more--><\/p>\n<p><strong>Poder y l\u00edmites del terrorismo<\/strong><\/p>\n<p>1. Una es que la violencia indiscriminada, llamada terrorismo, produce a la larga cansancio y hast\u00edo. Un movimiento que dice representar al pueblo finalmente depende de reclutar nuevos miembros. Si el pueblo est\u00e1 hastiado no es f\u00e1cil conseguir soporte y nueva gente.<\/p>\n<p>Sin embargo, el terrorismo no existe porque s\u00ed, ni es siempre ineficaz. Dolorosamente, hay que reconocerle una eficacia, que es la propia de la &#8220;guerra de guerrillas&#8221;: hostigar a un enemigo lo desmitifica y hace que los d\u00e9biles sientan que s\u00ed pueden afectar la vida y las decisiones de los grandes.<\/p>\n<p><strong><a href=\"http:\/\/en.wikipedia.org\/wiki\/Jim_Larkin\" target=\"_blank\">Jim Larkin<\/a><\/strong>, un gran republicano irland\u00e9s, aplic\u00f3 a Irlanda y Gran Breta\u00f1a la conocida frase: &#8220;Si ellos nos parecen grandes, es porque nosotros estamos arrodillados.&#8221; Los actos de violencia, como destruir <a href=\"http:\/\/en.wikipedia.org\/wiki\/Nelson%27s_Pillar\" target=\"_blank\">el pilar del brit\u00e1nico Almirante Nelson<\/a>, vinieron a ser triunfos psicol\u00f3gicos, actos que, aunque es espantoso admitirlo, lograron su objetivo.<\/p>\n<p>Vencer al terrorismo no es algo tan sencillo como mostrar que es irracional, porque, a pesar de que repugna reconocerlo, los actos de terror tienen tambi\u00e9n sus &#8220;razones,&#8221; y en esa medida no son simplemente &#8220;irracionales.&#8221;<\/p>\n<p>Lo interesante de la victoria irlandesa y brit\u00e1nica sobre el terrorismo es entonces la capacidad de quitarle sus razones a los terroristas, cosa que se hace posible cuando aquello que es justo en su causa se muestra realizable y asequible por otros caminos.<\/p>\n<p>\u00bfY qui\u00e9n determina qu\u00e9 es lo &#8220;justo&#8221;? Dependiendo de qui\u00e9nes sean los interlocutores la respuesta va cambiando. Los par\u00e1metros de &#8220;justicia&#8221; que nos resultan familiares en el entorno cultural que llamamos &#8220;Occidente&#8221; no son los mismos que un musulm\u00e1n aceptar\u00eda, por ejemplo. En el caso que nos ocupa, lo justo y deseable se fue perfilando al hilo de un largo proceso de concesiones brit\u00e1nicas y republicanas.<\/p>\n<p>Al final el IRA descubri\u00f3 que era &#8220;mal negocio&#8221; seguir con las armas y que hab\u00eda m\u00e1s probabilidades de \u00e9xito por las v\u00edas democr\u00e1ticas. \u00bfQuiz\u00e1 la estocada final al camino armado lo dio la avanzada de actos terroristas recientes con el cu\u00f1o de Al-Qaeda? Es posible. Nadie sabe para qui\u00e9n trabaja.<\/p>\n","protected":false},"excerpt":{"rendered":"<p>Hace algo m\u00e1s de 25 a\u00f1os, el Papa Juan Pablo II se arrodill\u00f3 para pedir en voz alta el cese al fuego en Irlanda. Su s\u00faplica a Dios &#8211;y en cierto modo a los propios irlandeses&#8211; ha recibido una se\u00f1al inmensa de realizaci\u00f3n plena con el anuncio que el IRA hizo de dejar las armas &hellip; <\/p>\n<p class=\"link-more\"><a href=\"https:\/\/fraynelson.com\/blog\/2005\/08\/03\/703\/\" class=\"more-link\">Continuar leyendo<span class=\"screen-reader-text\"> &#8220;Cocinando la Paz&#8221;<\/span><\/a><\/p>\n","protected":false},"author":1138,"featured_media":0,"comment_status":"open","ping_status":"open","sticky":false,"template":"","format":"standard","meta":{"footnotes":""},"categories":[38],"tags":[],"class_list":["post-32","post","type-post","status-publish","format-standard","hentry","category-sociedad"],"jetpack_featured_media_url":"","_links":{"self":[{"href":"https:\/\/fraynelson.com\/blog\/wp-json\/wp\/v2\/posts\/32","targetHints":{"allow":["GET"]}}],"collection":[{"href":"https:\/\/fraynelson.com\/blog\/wp-json\/wp\/v2\/posts"}],"about":[{"href":"https:\/\/fraynelson.com\/blog\/wp-json\/wp\/v2\/types\/post"}],"author":[{"embeddable":true,"href":"https:\/\/fraynelson.com\/blog\/wp-json\/wp\/v2\/users\/1138"}],"replies":[{"embeddable":true,"href":"https:\/\/fraynelson.com\/blog\/wp-json\/wp\/v2\/comments?post=32"}],"version-history":[{"count":0,"href":"https:\/\/fraynelson.com\/blog\/wp-json\/wp\/v2\/posts\/32\/revisions"}],"wp:attachment":[{"href":"https:\/\/fraynelson.com\/blog\/wp-json\/wp\/v2\/media?parent=32"}],"wp:term":[{"taxonomy":"category","embeddable":true,"href":"https:\/\/fraynelson.com\/blog\/wp-json\/wp\/v2\/categories?post=32"},{"taxonomy":"post_tag","embeddable":true,"href":"https:\/\/fraynelson.com\/blog\/wp-json\/wp\/v2\/tags?post=32"}],"curies":[{"name":"wp","href":"https:\/\/api.w.org\/{rel}","templated":true}]}}