{"id":3143,"date":"2009-06-12T12:54:55","date_gmt":"2009-06-12T12:54:55","guid":{"rendered":"http:\/\/fraynelson.com\/blog\/?p=3143"},"modified":"2009-06-12T12:54:55","modified_gmt":"2009-06-12T12:54:55","slug":"pido-oraciones-me-han-nombrado-prior","status":"publish","type":"post","link":"https:\/\/fraynelson.com\/blog\/2009\/06\/12\/pido-oraciones-me-han-nombrado-prior\/","title":{"rendered":"Pido oraciones: me han nombrado prior"},"content":{"rendered":"<p>He sido nombrado prior de nuestro convento de Chiquinquir\u00e1, Colombia. Mi sorpresa ha sido inmensa.<\/p>\n<p><img decoding=\"async\" src=\"http:\/\/fraynelson.com\/banco_imagenes\/Basilica_Chiquinquira_1.jpg\" align=\"center\" alt=\"Bas\u00edlica de N.S. de Chiquinquir\u00e1\" title=\"Bas\u00edlica de N.S. de Chiquinquir\u00e1\" \/><\/p>\n<p>Se trata de servir en <a href=\"http:\/\/www.virgendechiquinquira.com\/\">esta obra<\/a>.<\/p>\n<p>Por supuesto me siento indigno y corto ante la tarea y por eso necesitar\u00e9 de gu\u00eda y consejo, as\u00ed como del apoyo de mis hermanos de comunidad. Espero servir bien, en conciencia, mirando la gloria de Dios, el bien de la Orden y las necesidades de nuestro pueblo.<\/p>\n<p>Me pongo en manos de Jes\u00fas. Me escondo en el Coraz\u00f3n de Mar\u00eda.<\/p>\n<p><a href=\"http:\/\/fraynelson.com\/homilias.php\">Fr. Nelson Medina, O.P.<\/a><\/p>\n","protected":false},"excerpt":{"rendered":"<p>He sido nombrado prior de nuestro convento de Chiquinquir\u00e1, Colombia. Mi sorpresa ha sido inmensa. Se trata de servir en esta obra. Por supuesto me siento indigno y corto ante la tarea y por eso necesitar\u00e9 de gu\u00eda y consejo, as\u00ed como del apoyo de mis hermanos de comunidad. Espero servir bien, en conciencia, mirando &hellip; <\/p>\n<p class=\"link-more\"><a href=\"https:\/\/fraynelson.com\/blog\/2009\/06\/12\/pido-oraciones-me-han-nombrado-prior\/\" class=\"more-link\">Continuar leyendo<span class=\"screen-reader-text\"> &#8220;Pido oraciones: me han nombrado prior&#8221;<\/span><\/a><\/p>\n","protected":false},"author":1138,"featured_media":0,"comment_status":"open","ping_status":"open","sticky":false,"template":"","format":"standard","meta":{"footnotes":""},"categories":[3],"tags":[],"class_list":["post-3143","post","type-post","status-publish","format-standard","hentry","category-noticias-personales"],"jetpack_featured_media_url":"","_links":{"self":[{"href":"https:\/\/fraynelson.com\/blog\/wp-json\/wp\/v2\/posts\/3143","targetHints":{"allow":["GET"]}}],"collection":[{"href":"https:\/\/fraynelson.com\/blog\/wp-json\/wp\/v2\/posts"}],"about":[{"href":"https:\/\/fraynelson.com\/blog\/wp-json\/wp\/v2\/types\/post"}],"author":[{"embeddable":true,"href":"https:\/\/fraynelson.com\/blog\/wp-json\/wp\/v2\/users\/1138"}],"replies":[{"embeddable":true,"href":"https:\/\/fraynelson.com\/blog\/wp-json\/wp\/v2\/comments?post=3143"}],"version-history":[{"count":1,"href":"https:\/\/fraynelson.com\/blog\/wp-json\/wp\/v2\/posts\/3143\/revisions"}],"predecessor-version":[{"id":3144,"href":"https:\/\/fraynelson.com\/blog\/wp-json\/wp\/v2\/posts\/3143\/revisions\/3144"}],"wp:attachment":[{"href":"https:\/\/fraynelson.com\/blog\/wp-json\/wp\/v2\/media?parent=3143"}],"wp:term":[{"taxonomy":"category","embeddable":true,"href":"https:\/\/fraynelson.com\/blog\/wp-json\/wp\/v2\/categories?post=3143"},{"taxonomy":"post_tag","embeddable":true,"href":"https:\/\/fraynelson.com\/blog\/wp-json\/wp\/v2\/tags?post=3143"}],"curies":[{"name":"wp","href":"https:\/\/api.w.org\/{rel}","templated":true}]}}