{"id":31411,"date":"2014-11-02T01:02:55","date_gmt":"2014-11-02T06:02:55","guid":{"rendered":"http:\/\/fraynelson.com\/blog\/?p=31411"},"modified":"2014-11-01T08:03:54","modified_gmt":"2014-11-01T13:03:54","slug":"nada-de-compromisos-con-el-mal","status":"publish","type":"post","link":"https:\/\/fraynelson.com\/blog\/2014\/11\/02\/nada-de-compromisos-con-el-mal\/","title":{"rendered":"Nada de compromisos con el mal"},"content":{"rendered":"<p>Cuando est\u00e1 en juego la defensa de la verdad, \u00bfc\u00f3mo se puede desear no desagradar a Dios y, al mismo tiempo, no chocar con el ambiente? Son cosas antag\u00f3nicas: \u00a1o lo uno o lo otro! Es preciso que el sacrificio sea holocausto: hay que quemarlo todo&#8230;, hasta el &#8220;qu\u00e9 dir\u00e1n&#8221;, hasta eso que llaman reputaci\u00f3n.<\/p>\n<p>\u00a1Qu\u00e9 claramente veo ahora que la &#8220;santa desverg\u00fcenza&#8221; tiene su ra\u00edz, muy honda, en el Evangelio! Cumple la Voluntad de Dios&#8230;, acord\u00e1ndote de Jes\u00fas difamado, de Jes\u00fas escupido y abofeteado, de Jes\u00fas llevado ante los tribunales de hombrecillos&#8230;, \u00a1\u00a1y de Jes\u00fas callado!! -Prop\u00f3sito: abajar la frente a los ultrajes y -contando tambi\u00e9n con las humillaciones que, sin duda, vendr\u00e1n- proseguir la tarea divina, que el Amor Misericordioso de Nuestro Se\u00f1or ha querido encomendarnos.<\/p>\n<p>Asusta el da\u00f1o que podemos producir, si nos dejamos arrastrar por el miedo o la verg\u00fcenza de mostrarnos como cristianos en la vida ordinaria.<\/p>\n<p><a href=\"https:\/\/fraynelson.com\/blog\/categorias\/personas\/san-josemaria-escriva\/\">M\u00e1s pensamientos de San Josemar\u00eda<\/a>.<\/p>\n","protected":false},"excerpt":{"rendered":"<p>Cuando est\u00e1 en juego la defensa de la verdad, \u00bfc\u00f3mo se puede desear no desagradar a Dios y, al mismo tiempo, no chocar con el ambiente? Son cosas antag\u00f3nicas: \u00a1o lo uno o lo otro! Es preciso que el sacrificio sea holocausto: hay que quemarlo todo&#8230;, hasta el &#8220;qu\u00e9 dir\u00e1n&#8221;, hasta eso que llaman reputaci\u00f3n. &hellip; <\/p>\n<p class=\"link-more\"><a href=\"https:\/\/fraynelson.com\/blog\/2014\/11\/02\/nada-de-compromisos-con-el-mal\/\" class=\"more-link\">Continuar leyendo<span class=\"screen-reader-text\"> &#8220;Nada de compromisos con el mal&#8221;<\/span><\/a><\/p>\n","protected":false},"author":1138,"featured_media":0,"comment_status":"closed","ping_status":"closed","sticky":false,"template":"","format":"standard","meta":{"footnotes":""},"categories":[953,690,344],"tags":[],"class_list":["post-31411","post","type-post","status-publish","format-standard","hentry","category-camino-surco-forja","category-sacrificios","category-vida_cristiana"],"jetpack_featured_media_url":"","_links":{"self":[{"href":"https:\/\/fraynelson.com\/blog\/wp-json\/wp\/v2\/posts\/31411","targetHints":{"allow":["GET"]}}],"collection":[{"href":"https:\/\/fraynelson.com\/blog\/wp-json\/wp\/v2\/posts"}],"about":[{"href":"https:\/\/fraynelson.com\/blog\/wp-json\/wp\/v2\/types\/post"}],"author":[{"embeddable":true,"href":"https:\/\/fraynelson.com\/blog\/wp-json\/wp\/v2\/users\/1138"}],"replies":[{"embeddable":true,"href":"https:\/\/fraynelson.com\/blog\/wp-json\/wp\/v2\/comments?post=31411"}],"version-history":[{"count":1,"href":"https:\/\/fraynelson.com\/blog\/wp-json\/wp\/v2\/posts\/31411\/revisions"}],"predecessor-version":[{"id":31412,"href":"https:\/\/fraynelson.com\/blog\/wp-json\/wp\/v2\/posts\/31411\/revisions\/31412"}],"wp:attachment":[{"href":"https:\/\/fraynelson.com\/blog\/wp-json\/wp\/v2\/media?parent=31411"}],"wp:term":[{"taxonomy":"category","embeddable":true,"href":"https:\/\/fraynelson.com\/blog\/wp-json\/wp\/v2\/categories?post=31411"},{"taxonomy":"post_tag","embeddable":true,"href":"https:\/\/fraynelson.com\/blog\/wp-json\/wp\/v2\/tags?post=31411"}],"curies":[{"name":"wp","href":"https:\/\/api.w.org\/{rel}","templated":true}]}}