{"id":31216,"date":"2014-10-25T00:05:57","date_gmt":"2014-10-25T05:05:57","guid":{"rendered":"http:\/\/fraynelson.com\/blog\/?p=31216"},"modified":"2014-10-31T15:36:33","modified_gmt":"2014-10-31T20:36:33","slug":"laudes-visperas-para-la-semana-del-26-de-octubre-al-1-de-noviembre-de-2014","status":"publish","type":"post","link":"https:\/\/fraynelson.com\/blog\/2014\/10\/25\/laudes-visperas-para-la-semana-del-26-de-octubre-al-1-de-noviembre-de-2014\/","title":{"rendered":"Laudes &#038; V\u00edsperas para la semana del 26 de Octubre al 1 de Noviembre de 2014"},"content":{"rendered":"<p><a href=\"https:\/\/fraynelson.com\/blog\/wp-content\/uploads\/2014\/08\/citara.jpg\"><img loading=\"lazy\" decoding=\"async\" src=\"https:\/\/fraynelson.com\/blog\/wp-content\/uploads\/2014\/08\/citara-209x300.jpg\" alt=\"citara\" width=\"209\" height=\"300\" class=\"aligncenter size-medium wp-image-29583\" \/><\/a><\/p>\n<p><strong>Domingo 26 de Octubre<\/strong>: XXX del Tiempo Ordinario, Ciclo A<\/p>\n<ul>\n<li><a href=\"http:\/\/fraynelson.com\/conferencias\/oracion\/ao30u.mp3\" target=\"_blank\">Primeras V\u00edsperas<\/a> (s\u00e1bado 25 por la tarde)<\/li>\n<li><a href=\"http:\/\/fraynelson.com\/conferencias\/oracion\/ao30a.mp3\" target=\"_blank\">Laudes<\/a><\/li>\n<li><a href=\"http:\/\/fraynelson.com\/conferencias\/oracion\/ao30v.mp3\" target=\"_blank\">Segundas V\u00edsperas<\/a> <\/li>\n<\/ul>\n<p><strong>Lunes 27<\/strong><\/p>\n<ul>\n<li><a href=\"http:\/\/fraynelson.com\/conferencias\/oracion\/s021a.mp3\" target=\"_blank\">Laudes<\/a><\/li>\n<li><a href=\"http:\/\/fraynelson.com\/conferencias\/oracion\/s021v.mp3\" target=\"_blank\">V\u00edsperas<\/a><\/li>\n<\/ul>\n<p><strong>Martes 28<\/strong>: Fiesta de los Santos Ap\u00f3stoles Sim\u00f3n y Judas Tadeo<\/p>\n<ul>\n<li><a href=\"http:\/\/fraynelson.com\/conferencias\/oracion\/ssyja.mp3\" target=\"_blank\">Laudes<\/a><\/li>\n<li><a href=\"http:\/\/fraynelson.com\/conferencias\/oracion\/ssyjv.mp3\" target=\"_blank\">V\u00edsperas<\/a><\/li>\n<\/ul>\n<p><strong>Mi\u00e9rcoles 29<\/strong><\/p>\n<ul>\n<li><a href=\"http:\/\/fraynelson.com\/conferencias\/oracion\/s023a.mp3\" target=\"_blank\">Laudes<\/a><\/li>\n<li><a href=\"http:\/\/fraynelson.com\/conferencias\/oracion\/s023v.mp3\" target=\"_blank\">V\u00edsperas<\/a><\/li>\n<\/ul>\n<p><strong>Jueves 30<\/strong><\/p>\n<ul>\n<li><a href=\"http:\/\/fraynelson.com\/conferencias\/oracion\/s024a.mp3\" target=\"_blank\">Laudes<\/a><\/li>\n<li><a href=\"http:\/\/fraynelson.com\/conferencias\/oracion\/s024v.mp3\" target=\"_blank\">V\u00edsperas<\/a><\/li>\n<\/ul>\n<p><strong>Viernes 31<\/strong><\/p>\n<ul>\n<li><a href=\"http:\/\/fraynelson.com\/conferencias\/oracion\/s025a.mp3\" target=\"_blank\">Laudes<\/a><\/li>\n<\/ul>\n<p><strong>S\u00e1bado 1 de Noviembre<\/strong>: Solemnidad de Todos los Santos<\/p>\n<ul>\n<li><a href=\"http:\/\/fraynelson.com\/conferencias\/oracion\/tsanu.mp3\" target=\"_blank\">Primeras V\u00edsperas<\/a><\/li>\n<p> (viernes 31 por la tarde)<\/p>\n<li><a href=\"http:\/\/fraynelson.com\/conferencias\/oracion\/tsana.mp3\" target=\"_blank\">Laudes<\/a><\/li>\n<li><a href=\"http:\/\/fraynelson.com\/conferencias\/oracion\/tsanv.mp3\" target=\"_blank\">Segundas V\u00edsperas<\/a><\/li>\n<\/ul>\n","protected":false},"excerpt":{"rendered":"<p>Domingo 26 de Octubre: XXX del Tiempo Ordinario, Ciclo A Primeras V\u00edsperas (s\u00e1bado 25 por la tarde) Laudes Segundas V\u00edsperas Lunes 27 Laudes V\u00edsperas Martes 28: Fiesta de los Santos Ap\u00f3stoles Sim\u00f3n y Judas Tadeo Laudes V\u00edsperas Mi\u00e9rcoles 29 Laudes V\u00edsperas Jueves 30 Laudes V\u00edsperas Viernes 31 Laudes S\u00e1bado 1 de Noviembre: Solemnidad de Todos &hellip; <\/p>\n<p class=\"link-more\"><a href=\"https:\/\/fraynelson.com\/blog\/2014\/10\/25\/laudes-visperas-para-la-semana-del-26-de-octubre-al-1-de-noviembre-de-2014\/\" class=\"more-link\">Continuar leyendo<span class=\"screen-reader-text\"> &#8220;Laudes &#038; V\u00edsperas para la semana del 26 de Octubre al 1 de Noviembre de 2014&#8221;<\/span><\/a><\/p>\n","protected":false},"author":1138,"featured_media":0,"comment_status":"closed","ping_status":"closed","sticky":false,"template":"","format":"standard","meta":{"footnotes":""},"categories":[291,431],"tags":[],"class_list":["post-31216","post","type-post","status-publish","format-standard","hentry","category-audio","category-liturgia"],"jetpack_featured_media_url":"","_links":{"self":[{"href":"https:\/\/fraynelson.com\/blog\/wp-json\/wp\/v2\/posts\/31216","targetHints":{"allow":["GET"]}}],"collection":[{"href":"https:\/\/fraynelson.com\/blog\/wp-json\/wp\/v2\/posts"}],"about":[{"href":"https:\/\/fraynelson.com\/blog\/wp-json\/wp\/v2\/types\/post"}],"author":[{"embeddable":true,"href":"https:\/\/fraynelson.com\/blog\/wp-json\/wp\/v2\/users\/1138"}],"replies":[{"embeddable":true,"href":"https:\/\/fraynelson.com\/blog\/wp-json\/wp\/v2\/comments?post=31216"}],"version-history":[{"count":4,"href":"https:\/\/fraynelson.com\/blog\/wp-json\/wp\/v2\/posts\/31216\/revisions"}],"predecessor-version":[{"id":31364,"href":"https:\/\/fraynelson.com\/blog\/wp-json\/wp\/v2\/posts\/31216\/revisions\/31364"}],"wp:attachment":[{"href":"https:\/\/fraynelson.com\/blog\/wp-json\/wp\/v2\/media?parent=31216"}],"wp:term":[{"taxonomy":"category","embeddable":true,"href":"https:\/\/fraynelson.com\/blog\/wp-json\/wp\/v2\/categories?post=31216"},{"taxonomy":"post_tag","embeddable":true,"href":"https:\/\/fraynelson.com\/blog\/wp-json\/wp\/v2\/tags?post=31216"}],"curies":[{"name":"wp","href":"https:\/\/api.w.org\/{rel}","templated":true}]}}