{"id":30435,"date":"2014-09-18T01:37:09","date_gmt":"2014-09-18T06:37:09","guid":{"rendered":"http:\/\/fraynelson.com\/blog\/?p=30435"},"modified":"2014-09-17T14:38:32","modified_gmt":"2014-09-17T19:38:32","slug":"acto-de-humilde-adoracion","status":"publish","type":"post","link":"https:\/\/fraynelson.com\/blog\/2014\/09\/18\/acto-de-humilde-adoracion\/","title":{"rendered":"Acto de humilde adoraci\u00f3n"},"content":{"rendered":"<p>Se\u00f1or Jesucristo, que por nuestra redenci\u00f3n diste tu vida en la Cruz y nos dejaste en el Sant\u00edsimo Sacramento un signo verdadero de tu presencia, yo te amo y quisiera haberte amado sobre todas las cosas; pero con mis pecados y las blasfemias y sacrilegios que algunos lanzan contra Ti en este Sacramento han aumentado m\u00e1s tus heridas, y me hice indigno de tu clemencia y merecedor por tanto de los castigos del infierno. Pero desde hoy quiero ofrecerme como hostia viviente de expiaci\u00f3n por los ultrajes y sacrilegios que padeces en el Sagrario, para mitigar el dolor que ellos te causan.<\/p>\n<p>Mas como soy indigno de tu Divina Majestad, acudo a la intercesi\u00f3n poderosa de tu sant\u00edsima Madre, la Bienaventurada Virgen Mar\u00eda, que permanece como Adoratriz perpetua ante Ti, para que por medio de Ella mi humilde y sincera oblaci\u00f3n sea hallada perfecta, espiritual y digna de Ti; y persevere en esta actitud hasta la muerte para que pueda un d\u00eda honrarte con todos tus \u00c1ngeles y Santos en el Cielo por toda la eternidad. Am\u00e9n.<\/p>\n<p>Te adoro y te bendigo, oh Se\u00f1or Jesucristo, porque redimiste al mundo con tu Cruz. Am\u00e9n.<\/p>\n","protected":false},"excerpt":{"rendered":"<p>Se\u00f1or Jesucristo, que por nuestra redenci\u00f3n diste tu vida en la Cruz y nos dejaste en el Sant\u00edsimo Sacramento un signo verdadero de tu presencia, yo te amo y quisiera haberte amado sobre todas las cosas; pero con mis pecados y las blasfemias y sacrilegios que algunos lanzan contra Ti en este Sacramento han aumentado &hellip; <\/p>\n<p class=\"link-more\"><a href=\"https:\/\/fraynelson.com\/blog\/2014\/09\/18\/acto-de-humilde-adoracion\/\" class=\"more-link\">Continuar leyendo<span class=\"screen-reader-text\"> &#8220;Acto de humilde adoraci\u00f3n&#8221;<\/span><\/a><\/p>\n","protected":false},"author":1138,"featured_media":0,"comment_status":"closed","ping_status":"closed","sticky":false,"template":"","format":"standard","meta":{"footnotes":""},"categories":[411,14],"tags":[],"class_list":["post-30435","post","type-post","status-publish","format-standard","hentry","category-adoracion","category-oraciones-y-poesias"],"jetpack_featured_media_url":"","_links":{"self":[{"href":"https:\/\/fraynelson.com\/blog\/wp-json\/wp\/v2\/posts\/30435","targetHints":{"allow":["GET"]}}],"collection":[{"href":"https:\/\/fraynelson.com\/blog\/wp-json\/wp\/v2\/posts"}],"about":[{"href":"https:\/\/fraynelson.com\/blog\/wp-json\/wp\/v2\/types\/post"}],"author":[{"embeddable":true,"href":"https:\/\/fraynelson.com\/blog\/wp-json\/wp\/v2\/users\/1138"}],"replies":[{"embeddable":true,"href":"https:\/\/fraynelson.com\/blog\/wp-json\/wp\/v2\/comments?post=30435"}],"version-history":[{"count":1,"href":"https:\/\/fraynelson.com\/blog\/wp-json\/wp\/v2\/posts\/30435\/revisions"}],"predecessor-version":[{"id":30436,"href":"https:\/\/fraynelson.com\/blog\/wp-json\/wp\/v2\/posts\/30435\/revisions\/30436"}],"wp:attachment":[{"href":"https:\/\/fraynelson.com\/blog\/wp-json\/wp\/v2\/media?parent=30435"}],"wp:term":[{"taxonomy":"category","embeddable":true,"href":"https:\/\/fraynelson.com\/blog\/wp-json\/wp\/v2\/categories?post=30435"},{"taxonomy":"post_tag","embeddable":true,"href":"https:\/\/fraynelson.com\/blog\/wp-json\/wp\/v2\/tags?post=30435"}],"curies":[{"name":"wp","href":"https:\/\/api.w.org\/{rel}","templated":true}]}}