{"id":3026,"date":"2009-04-05T01:36:09","date_gmt":"2009-04-05T01:36:09","guid":{"rendered":"http:\/\/fraynelson.com\/blog\/?p=3026"},"modified":"2009-04-04T19:38:52","modified_gmt":"2009-04-04T19:38:52","slug":"dios-es-padre","status":"publish","type":"post","link":"https:\/\/fraynelson.com\/blog\/2009\/04\/05\/dios-es-padre\/","title":{"rendered":"DIOS ES PADRE"},"content":{"rendered":"<p><strong>DIOS ES PADRE<\/strong><\/p>\n<p>(Mt 5,43-48; 6,9-15; 6, 24-34)<\/p>\n<p>Quiero empezar esta reflexi\u00f3n compartiendo con ustedes una experiencia sobre la revelaci\u00f3n de Dios como Padre. Estoy convencido que para descubrir a Dios como Padre hace falta una revelaci\u00f3n. As\u00ed lo expresa el mismo Jes\u00fas: \u201c<em>nadie conoce quien es el Padre sino el Hijo, y aquel a quien el hijo se lo quiera revelar\u201d( Mt. 11, 27).<\/em> Hac\u00eda mucho tiempo sab\u00eda intelectualmente, por los estudios de teolog\u00eda, que Dios es Padre, m\u00e1s a\u00fan, que Dios es mi Padre. Pero hacer el descubrimiento, sentir que Dios es mi Padre, no fue cosa m\u00eda. Sucedi\u00f3 preparando esta misma charla hace muchos a\u00f1os. Como un regalo del Se\u00f1or, ca\u00ed enfermo. Durante mi enfermedad, un d\u00eda tome la Biblia entre mis manos y empec\u00e9 a leer al evangelista San Mateo. Posiblemente, San Mateo es el evangelista que mejor refleja la admirable pedagog\u00eda de Jes\u00fas al desvelar la condici\u00f3n paternal de Dios, respecto de los hombres. Las palabras de Jes\u00fas no solo llegaron a mi mente, sino que caldearon m\u00ed coraz\u00f3n; fueron fruto de un encuentro-experiencia, vivido en la fe y en amor. El Se\u00f1or al hablar a alguien en su Palabra, no s\u00f3lo le transmite cierta informaci\u00f3n, no s\u00f3lo le comunica algo de s\u00ed mismo, revel\u00e1ndole su personalidad, sino que le hace entrar en una relaci\u00f3n personal con \u00e9l. Eso exactamente realiz\u00f3 en m\u00ed, haci\u00e9ndome entrar en una nueva relaci\u00f3n con \u00e9l, en lo m\u00e1s profundo de mi ser me sent\u00ed hijo de mi Padre Dios. Sent\u00ed, que lo que revelaba Jes\u00fas a las gentes en el monte de las Bienaventuranzas, me lo estaba revelando a m\u00ed en aquellos momentos. La Palabra se hab\u00eda actualizado en m\u00ed.<\/p>\n<p><!--more--><\/p>\n<p>Los cristianos, y hasta muchos sacerdotes y religiosos, invocan a Dios sin m\u00e1s, sin ninguna referencia personal. En efecto, la expresi\u00f3n tan generalizada \u201cDios m\u00edo\u201d no se sabe qu\u00e9 contenido tiene. Ciertamente no es el Padre, ni Jesucristo, ni el Esp\u00edritu Santo. Es m\u00e1s bien un Dios impersonal, neutro. Obrando as\u00ed la Vida Consagrada corre el riesgo de estar alimentar un simple respeto, lejano, hacia el Creador.<\/p>\n<p><strong>Recibiendo el regalo del Padre <\/strong><\/p>\n<p>No es dif\u00edcil imaginar la emoci\u00f3n de los catec\u00famenos, en las primeras comunidades cristianas. Dios hab\u00eda sido para ellos un ser Supremo, lejano, vengador, especialmente si hab\u00edan sido esclavos. Ahora, sin embargo, pod\u00edan comprobar que, por el bautismo, eran de verdad hijos de Dios con toda propiedad. Por eso pod\u00edan llamar con un gozo inusitado a Dios: \u00a1Padre! C\u00f3mo gozar\u00edan recitando por primera vez el \u201cPadre Nuestro\u201d. El bautismo hab\u00eda hecho cambiar de rumbo toda su existencia y su estilo de vivir.<\/p>\n<p>Es este un reproche para los bautizados de hoy, para la mayor\u00eda de los cristianos. De pronto, hemos hecho consistir el bautismo en un pasaporte para entrar en el cielo, y nada m\u00e1s. Pero nada de sentirse de verdad hijo de Dios y hermano de los dem\u00e1s cristianos. Los cristianos, en general, no tienen trato alguno personal con Dios como Padre celestial.<\/p>\n<p><strong>Jes\u00fas revela al Padre<\/strong><\/p>\n<p>En mi lectura de San Mateo, empec\u00e9 a leer, sin m\u00e1s, los cap\u00edtulos 5, 6, 7. Fui descubriendo maravillas en trozos, que antes hab\u00eda le\u00eddo sin darme cuenta. Mientras iba leyendo, ni coraz\u00f3n y todo mi ser se iba transformando, sintiendo en m\u00ed un calor, el Amor del Padre, algo parecido a los de Ema\u00fas: \u201c\u00bf <em>No sent\u00edamos arder nuestro coraz\u00f3n cuando nos hablaba en el camino y nos explicaba las Escrituras?\u201d<\/em> (Lc 24,32). Desde entonces, aquellos 3 cap\u00edtulos, ya no son para m\u00ed el \u201cserm\u00f3n de la monta\u00f1a\u201d, sino el serm\u00f3n sobre el Padre. Descubr\u00ed la noticia m\u00e1s bella y m\u00e1s importante de mi vida: <strong>\u00a1Dios es mi Padre y me ama personalmente!<\/strong><\/p>\n<p>Fui sintiendo en m\u00ed, durante la lectura, un amor especial a m\u00ed Padre Dios. \u00a1qu\u00e9 felicidad ante ese regalo!, Cristo escogi\u00f3 esos momentos para revelarme su secreto \u00edntimo, de familia, y hablarme del Padre, de su personalidad, de su car\u00e1cter, de su modo de actuar, del cuidado y solicitud que \u00e9l tiene permanentemente por sus hijos. Ha sido reservada a Jes\u00fas la plena revelaci\u00f3n de la paternidad del Padre y ha sido reservada a \u00e9l, el darlo a conocer a quien le plazca. As\u00ed lo expresa el mismo: \u201c<em>nadie conoce quien es el Padre, sino aquel a quien el Hijo se lo quiera revelar\u201d(<\/em> Lc 10,22).<\/p>\n<p>De todos modos, el acontecimiento decisivo en el que la comunidad recibi\u00f3 el regalo de descubrir que Dios es Padre, en un sentido propio y riguroso, fue en la Pascua. En ella constat\u00f3 que el Dios del AT era el Padre de Jes\u00fas, porque lo resucit\u00f3 de entre los muertos, por obra del Esp\u00edritu Santo, y lo constituy\u00f3 \u201c Se\u00f1or\u201d y \u201cCristo\u201d: \u201c<em>Dios resucito a Jes\u00fas y le dio un nombre sobre todo nombre, paras que al nombre de Jes\u00fas toda rodilla se doble en el Cielo, en la tierra y en el abismo, y toda lengua proclame: Jesucristo es el Se\u00f1or para gloria de Dios Padre\u201d<\/em>( Filp 2,9-11; Cf. Hch 2, 36). La relaci\u00f3n de Jes\u00fas con Dios a quien con tanta confianza llamaba \u201c mi Padre\u201d hab\u00eda sido confirmada por el sello de la resurrecci\u00f3n.<\/p>\n","protected":false},"excerpt":{"rendered":"<p>DIOS ES PADRE (Mt 5,43-48; 6,9-15; 6, 24-34) Quiero empezar esta reflexi\u00f3n compartiendo con ustedes una experiencia sobre la revelaci\u00f3n de Dios como Padre. Estoy convencido que para descubrir a Dios como Padre hace falta una revelaci\u00f3n. As\u00ed lo expresa el mismo Jes\u00fas: \u201cnadie conoce quien es el Padre sino el Hijo, y aquel a &hellip; <\/p>\n<p class=\"link-more\"><a href=\"https:\/\/fraynelson.com\/blog\/2009\/04\/05\/dios-es-padre\/\" class=\"more-link\">Continuar leyendo<span class=\"screen-reader-text\"> &#8220;DIOS ES PADRE&#8221;<\/span><\/a><\/p>\n","protected":false},"author":1138,"featured_media":0,"comment_status":"open","ping_status":"open","sticky":false,"template":"","format":"standard","meta":{"footnotes":""},"categories":[306],"tags":[],"class_list":["post-3026","post","type-post","status-publish","format-standard","hentry","category-conoce-tu-dios"],"jetpack_featured_media_url":"","_links":{"self":[{"href":"https:\/\/fraynelson.com\/blog\/wp-json\/wp\/v2\/posts\/3026","targetHints":{"allow":["GET"]}}],"collection":[{"href":"https:\/\/fraynelson.com\/blog\/wp-json\/wp\/v2\/posts"}],"about":[{"href":"https:\/\/fraynelson.com\/blog\/wp-json\/wp\/v2\/types\/post"}],"author":[{"embeddable":true,"href":"https:\/\/fraynelson.com\/blog\/wp-json\/wp\/v2\/users\/1138"}],"replies":[{"embeddable":true,"href":"https:\/\/fraynelson.com\/blog\/wp-json\/wp\/v2\/comments?post=3026"}],"version-history":[{"count":1,"href":"https:\/\/fraynelson.com\/blog\/wp-json\/wp\/v2\/posts\/3026\/revisions"}],"predecessor-version":[{"id":3027,"href":"https:\/\/fraynelson.com\/blog\/wp-json\/wp\/v2\/posts\/3026\/revisions\/3027"}],"wp:attachment":[{"href":"https:\/\/fraynelson.com\/blog\/wp-json\/wp\/v2\/media?parent=3026"}],"wp:term":[{"taxonomy":"category","embeddable":true,"href":"https:\/\/fraynelson.com\/blog\/wp-json\/wp\/v2\/categories?post=3026"},{"taxonomy":"post_tag","embeddable":true,"href":"https:\/\/fraynelson.com\/blog\/wp-json\/wp\/v2\/tags?post=3026"}],"curies":[{"name":"wp","href":"https:\/\/api.w.org\/{rel}","templated":true}]}}