{"id":3024,"date":"2009-04-03T01:10:47","date_gmt":"2009-04-03T01:10:47","guid":{"rendered":"http:\/\/fraynelson.com\/blog\/?p=3024"},"modified":"2009-04-02T19:19:36","modified_gmt":"2009-04-02T19:19:36","slug":"sorprendidos-por-el-amor-de-dios","status":"publish","type":"post","link":"https:\/\/fraynelson.com\/blog\/2009\/04\/03\/sorprendidos-por-el-amor-de-dios\/","title":{"rendered":"Sorprendidos por el Amor de Dios"},"content":{"rendered":"<p>Cuantas veces pos\u00e9is vuestra mirada sobre la majestuosa Bas\u00edlica [de San Pablo] pensar\u00e9is en el Ap\u00f3stol de los gentiles, en su vocaci\u00f3n a la que respondi\u00f3 tan ardientemente, en su deseo de s\u00f3lo vivir y de morir para Cristo: <i>Gratia autem Dei sum id quod sum, et gratia eius in me vacua non fuit, sed abundantius illis omnibus laboravi: non ego autem, sed gratia Dei mecum<\/i> (Por la gracia de Dios soy lo que soy, y la gracia de Dios no ha sido est\u00e9ril en m\u00ed, pues he trabajado m\u00e1s que todos ellos; pero no yo, sino la gracia de Dios conmigo) (1 Cor. 15, 10). La proximidad del glorioso sepulcro del atleta de Cristo ser\u00e1 para vosotros un constante est\u00edmulo para considerar a la luz de Dios el don de la vocaci\u00f3n y corresponder a ella con una generosidad pronta y total.<\/p>\n<p><!--more--><\/p>\n<p>\u00a1Oh, cu\u00e1nto hemos de agradecer al Se\u00f1or esta se\u00f1al palpable de su presencia en el mundo! Su voz llama. En el alma del joven no hay segundas intenciones ni tradiciones familiares que transmitir ni miras ambiciosas ni ventajas terrenas, sino s\u00f3lo la gloria de Dios, la santificaci\u00f3n de su nombre, el advenimiento de su reino, el cumplimiento de su voluntad en perfecta correspondencia con las peticiones del Pater Noster. \u00a1De qu\u00e9 luz, grandeza y encanto est\u00e1 revestida la persona de los llamados!<\/p>\n<p>Es, pues, tan digna de generosidad absoluta, a ejemplo de San Pablo Ap\u00f3stol, quien, sorprendido de Dios, dej\u00f3 al punto todo para entregarse a su nueva misi\u00f3n. Esta exige en todos una correspondencia plena, hecha de entrega total, de desprendimiento absoluto de los bienes, de las preeminentes preocupaciones de car\u00e1cter terreno, de los mismos parientes, para correr como gigantes por el camino elegido, para revestirse de la voluntad y sentimientos del Sacerdote eterno: <i>Vivo autem, iam non ego, vivit vero in me Christus&#8230; qui dilexit me, et tradidit semetipsum pro me<\/i>, Ya no vivo yo, es Cristo quien vive en m\u00ed, el cual me am\u00f3 y se entreg\u00f3 por m\u00ed (Gal. 2, 20).<\/p>\n<p>La respuesta a la invitaci\u00f3n divina \u2014vosotros, queridos hijos, lo demostr\u00e1is\u2014 puede darse en todas las edades. Para alguno ser\u00e1 su vida entera entregada al Se\u00f1or desde la infancia, como ocurri\u00f3 con el venerable Doctor de vuestra patria, Beda el Venerable, del que toma su nombre este colegio; para otros puede ser la iluminaci\u00f3n s\u00fabita en la plena madurez de los mejores a\u00f1os como en un m\u00edstico camino de Damasco. Los a\u00f1os no cuentan para Dios, sino la intensidad del amor con que se corresponde y sirve.<\/p>\n<p>[<i>Discurso del Papa Juan XXIII a los alumnos del Pontificio Colegio Beda, en Roma, 20 de Octubre de 1960<\/i>].<\/p>\n","protected":false},"excerpt":{"rendered":"<p>Cuantas veces pos\u00e9is vuestra mirada sobre la majestuosa Bas\u00edlica [de San Pablo] pensar\u00e9is en el Ap\u00f3stol de los gentiles, en su vocaci\u00f3n a la que respondi\u00f3 tan ardientemente, en su deseo de s\u00f3lo vivir y de morir para Cristo: Gratia autem Dei sum id quod sum, et gratia eius in me vacua non fuit, sed &hellip; <\/p>\n<p class=\"link-more\"><a href=\"https:\/\/fraynelson.com\/blog\/2009\/04\/03\/sorprendidos-por-el-amor-de-dios\/\" class=\"more-link\">Continuar leyendo<span class=\"screen-reader-text\"> &#8220;Sorprendidos por el Amor de Dios&#8221;<\/span><\/a><\/p>\n","protected":false},"author":1138,"featured_media":0,"comment_status":"open","ping_status":"open","sticky":false,"template":"","format":"standard","meta":{"footnotes":""},"categories":[305,42],"tags":[],"class_list":["post-3024","post","type-post","status-publish","format-standard","hentry","category-biblioteca-pontificia","category-sacerdotes-y-vocaciones"],"jetpack_featured_media_url":"","_links":{"self":[{"href":"https:\/\/fraynelson.com\/blog\/wp-json\/wp\/v2\/posts\/3024","targetHints":{"allow":["GET"]}}],"collection":[{"href":"https:\/\/fraynelson.com\/blog\/wp-json\/wp\/v2\/posts"}],"about":[{"href":"https:\/\/fraynelson.com\/blog\/wp-json\/wp\/v2\/types\/post"}],"author":[{"embeddable":true,"href":"https:\/\/fraynelson.com\/blog\/wp-json\/wp\/v2\/users\/1138"}],"replies":[{"embeddable":true,"href":"https:\/\/fraynelson.com\/blog\/wp-json\/wp\/v2\/comments?post=3024"}],"version-history":[{"count":1,"href":"https:\/\/fraynelson.com\/blog\/wp-json\/wp\/v2\/posts\/3024\/revisions"}],"predecessor-version":[{"id":3025,"href":"https:\/\/fraynelson.com\/blog\/wp-json\/wp\/v2\/posts\/3024\/revisions\/3025"}],"wp:attachment":[{"href":"https:\/\/fraynelson.com\/blog\/wp-json\/wp\/v2\/media?parent=3024"}],"wp:term":[{"taxonomy":"category","embeddable":true,"href":"https:\/\/fraynelson.com\/blog\/wp-json\/wp\/v2\/categories?post=3024"},{"taxonomy":"post_tag","embeddable":true,"href":"https:\/\/fraynelson.com\/blog\/wp-json\/wp\/v2\/tags?post=3024"}],"curies":[{"name":"wp","href":"https:\/\/api.w.org\/{rel}","templated":true}]}}