{"id":2998,"date":"2009-03-24T14:18:38","date_gmt":"2009-03-24T14:18:38","guid":{"rendered":"http:\/\/fraynelson.com\/blog\/?p=2998"},"modified":"2009-03-24T14:18:38","modified_gmt":"2009-03-24T14:18:38","slug":"podemos-ya-declarar-el-proyecto-universidad-catolica-como-ruidoso-fracaso","status":"publish","type":"post","link":"https:\/\/fraynelson.com\/blog\/2009\/03\/24\/podemos-ya-declarar-el-proyecto-universidad-catolica-como-ruidoso-fracaso\/","title":{"rendered":"Podemos ya declarar el proyecto Universidad Catolica como ruidoso fracaso?"},"content":{"rendered":"<p><img decoding=\"async\" src=\"http:\/\/fraynelson.com\/banco_imagenes\/barack_obama.jpg\" alt=\"\" title=\"\" align=\"right\" hspace=\"10\" \/><b>Barack Obama<\/b>, el presidente norteamericano m\u00e1s pro-aborto de toda la historia, va a recibir el Doctorado Honorario en Leyes de la Universidad Cat\u00f3lica m\u00e1s grande y emblem\u00e1tica de los Estados Unidos, <b>Notre Dame<\/b>. Obama tendr\u00e1 a su cargo tambi\u00e9n el discurso de comienzo de curso: todo suceder\u00e1 el Domingo 17 de Mayo. Hay una <a href=\"http:\/\/www.facebook.com\/group.php?gid=62506620806&amp;ref=ts\">campa\u00f1a on-line<\/a> para quejarse ante el presidente de esa otrora prestigiosa instituci\u00f3n cat\u00f3lica, que para m\u00e1s dolor y confusi\u00f3n, es un sacerdote, <b>P. Jenkins<\/b>; s\u00ed, el mismo que hace a\u00f1os justific\u00f3 la presentaci\u00f3n de los Mon\u00f3logos &#8220;V&#8221; en las mismas instalaciones.<\/p>\n<p>Incluso si se pretende arg\u00fc\u00edr que otros presidentes, incluyendo a <b>George W. Bush<\/b>, con su propia carga de cr\u00edmenes o excesos, han hablado en ese mismo foro, ello no aminora el esc\u00e1ndola del contra la vida naciente de Obama. En fin, esta es una de esas ocasiones en que entiendo la ira santa de Luis Fernando P\u00e9rez. Uno s\u00f3lo puede preguntarse: \u00bfes que el P. Jenkins no tiene un superior? \u00bf\u00c9l se manda solo? Su postura en esto y otras cosas va en choque frontal con las declaraciones de los mismos obispos de Estados Unidos. \u00bfEso importa algo, o nada?<\/p>\n<p><!--more--><\/p>\n<p>El acto rid\u00edculo que suceder\u00e1 el 17 de Mayo no es lamentablemente un caso aislado. Mi propia teor\u00eda es que las autoridades en nuestra Iglesia deber\u00edan retirar sin m\u00e1s f\u00f3rmula de juicio el adjetivo de &#8220;cat\u00f3licas&#8221; a la gran mayor\u00eda de las instituciones de educaci\u00f3n superior, incluyendo varias en que yo mismo he estudiado. Que alguien me explique para qu\u00e9 sirve llamar cat\u00f3lica a una universidad colombiana que hace a\u00f1os se ha especializado en demostrar que la resurrecci\u00f3n de Cristo no importa y que si se descubrieran los huesos de Cristo, nada deber\u00eda cambiar. Tampoco esa universidad es un caso aislado; es la norma, m\u00e1s bien, si uno mira el espectro de universidades cat\u00f3licas europeas, salvo algunas pontificias super-vigiladas en Roma.<\/p>\n<p>Mejor dicho: \u00bfpor qu\u00e9 creemos, por qu\u00e9 nos empe\u00f1amos en so\u00f1ar, que s\u00ed hemos logrado lo que no hemos logrado? Y lo que no hemos logrado es crear una red real de centros vivos en los que el pensamiento crezca a la vez inspirado por la fe y confrontado por al realidad de la ciencia, el arte y la sociedad. De continuo caemos en extremos. La gran mayor\u00eda de las instituciones de educaci\u00f3n superior simplemente han sido otras tantas &#8220;Notre Dame&#8221; y han doblado la rodilla delante de los poderes e \u00eddolos de esta tierra. Otras pocas en cambio, se refugian en la piedad, sin entrar en confrontaciones con los temas m\u00e1s hondos de bio\u00e9tica, por ejemplo, y otras pocas, viven de los r\u00e9ditos de la filosof\u00eda cl\u00e1sica y tradicional, en versi\u00f3n fosilizada, y de nuevo incapaz de un di\u00e1logo real con los nuevos retos y problemas. Siempre queda un peque\u00f1o resto, por supuesto, pero qu\u00e9 peque\u00f1o.<\/p>\n<p>\u00bfIdeas? \u00bfEjemplos a seguir o a evitar? \u00bfTestimonios en alg\u00fan sentido? Quedan abiertos los comentarios.<\/p>\n<p><a href=\"http:\/\/fraynelson.com\/homilias.php\">Fr. Nelson Medina, O.P.<\/a><\/p>\n","protected":false},"excerpt":{"rendered":"<p>Barack Obama, el presidente norteamericano m\u00e1s pro-aborto de toda la historia, va a recibir el Doctorado Honorario en Leyes de la Universidad Cat\u00f3lica m\u00e1s grande y emblem\u00e1tica de los Estados Unidos, Notre Dame. Obama tendr\u00e1 a su cargo tambi\u00e9n el discurso de comienzo de curso: todo suceder\u00e1 el Domingo 17 de Mayo. Hay una campa\u00f1a &hellip; <\/p>\n<p class=\"link-more\"><a href=\"https:\/\/fraynelson.com\/blog\/2009\/03\/24\/podemos-ya-declarar-el-proyecto-universidad-catolica-como-ruidoso-fracaso\/\" class=\"more-link\">Continuar leyendo<span class=\"screen-reader-text\"> &#8220;Podemos ya declarar el proyecto Universidad Catolica como ruidoso fracaso?&#8221;<\/span><\/a><\/p>\n","protected":false},"author":1138,"featured_media":0,"comment_status":"open","ping_status":"open","sticky":false,"template":"","format":"standard","meta":{"footnotes":""},"categories":[45,56,40],"tags":[],"class_list":["post-2998","post","type-post","status-publish","format-standard","hentry","category-estados-unidos-de-america","category-la-iglesia-hoy","category-vivir-la-fe-hoy"],"jetpack_featured_media_url":"","_links":{"self":[{"href":"https:\/\/fraynelson.com\/blog\/wp-json\/wp\/v2\/posts\/2998","targetHints":{"allow":["GET"]}}],"collection":[{"href":"https:\/\/fraynelson.com\/blog\/wp-json\/wp\/v2\/posts"}],"about":[{"href":"https:\/\/fraynelson.com\/blog\/wp-json\/wp\/v2\/types\/post"}],"author":[{"embeddable":true,"href":"https:\/\/fraynelson.com\/blog\/wp-json\/wp\/v2\/users\/1138"}],"replies":[{"embeddable":true,"href":"https:\/\/fraynelson.com\/blog\/wp-json\/wp\/v2\/comments?post=2998"}],"version-history":[{"count":1,"href":"https:\/\/fraynelson.com\/blog\/wp-json\/wp\/v2\/posts\/2998\/revisions"}],"predecessor-version":[{"id":2999,"href":"https:\/\/fraynelson.com\/blog\/wp-json\/wp\/v2\/posts\/2998\/revisions\/2999"}],"wp:attachment":[{"href":"https:\/\/fraynelson.com\/blog\/wp-json\/wp\/v2\/media?parent=2998"}],"wp:term":[{"taxonomy":"category","embeddable":true,"href":"https:\/\/fraynelson.com\/blog\/wp-json\/wp\/v2\/categories?post=2998"},{"taxonomy":"post_tag","embeddable":true,"href":"https:\/\/fraynelson.com\/blog\/wp-json\/wp\/v2\/tags?post=2998"}],"curies":[{"name":"wp","href":"https:\/\/api.w.org\/{rel}","templated":true}]}}