{"id":29965,"date":"2014-08-30T02:03:30","date_gmt":"2014-08-30T07:03:30","guid":{"rendered":"http:\/\/fraynelson.com\/blog\/?p=29965"},"modified":"2014-08-29T07:45:23","modified_gmt":"2014-08-29T12:45:23","slug":"laudes-visperas-para-la-semana-del-31-de-agosto-al-6-de-septiembre","status":"publish","type":"post","link":"https:\/\/fraynelson.com\/blog\/2014\/08\/30\/laudes-visperas-para-la-semana-del-31-de-agosto-al-6-de-septiembre\/","title":{"rendered":"Laudes &#038; V\u00edsperas para la semana del 31 de Agosto al 6 de Septiembre"},"content":{"rendered":"<p><a href=\"https:\/\/fraynelson.com\/blog\/wp-content\/uploads\/2014\/08\/citara.jpg\"><img loading=\"lazy\" decoding=\"async\" src=\"https:\/\/fraynelson.com\/blog\/wp-content\/uploads\/2014\/08\/citara-209x300.jpg\" alt=\"citara\" width=\"209\" height=\"300\" class=\"aligncenter size-medium wp-image-29583\" \/><\/a><\/p>\n<p><strong>Domingo 31 de Agosto<\/strong>: XXII del Tiempo Ordinario, Ciclo A<\/p>\n<ul>\n<li><a href=\"http:\/\/fraynelson.com\/conferencias\/oracion\/ao22u.mp3\" target=\"_blank\">Primeras V\u00edsperas<\/a> (s\u00e1bado 30 por la tarde)<\/li>\n<li><a href=\"http:\/\/fraynelson.com\/conferencias\/oracion\/ao22a.mp3\" target=\"_blank\">Laudes<\/a><\/li>\n<li><a href=\"http:\/\/fraynelson.com\/conferencias\/oracion\/ao22v.mp3\" target=\"_blank\">Segundas V\u00edsperas<\/a> <\/li>\n<\/ul>\n<p><strong>Lunes 1 de Septiembre<\/strong><\/p>\n<ul>\n<li><a href=\"http:\/\/fraynelson.com\/conferencias\/oracion\/s021a.mp3\" target=\"_blank\">Laudes<\/a><\/li>\n<li><a href=\"http:\/\/fraynelson.com\/conferencias\/oracion\/s021v.mp3\" target=\"_blank\">V\u00edsperas<\/a><\/li>\n<\/ul>\n<p><strong>Martes 2<\/strong><\/p>\n<ul>\n<li><a href=\"http:\/\/fraynelson.com\/conferencias\/oracion\/s022a.mp3\" target=\"_blank\">Laudes<\/a><\/li>\n<li><a href=\"http:\/\/fraynelson.com\/conferencias\/oracion\/s022v.mp3\" target=\"_blank\">V\u00edsperas<\/a><\/li>\n<\/ul>\n<p><strong>Mi\u00e9rcoles 3<\/strong>: Memoria de San Gregorio Magno, Papa<\/p>\n<ul>\n<li><a href=\"http:\/\/fraynelson.com\/conferencias\/oracion\/sgrma_s023a.mp3\" target=\"_blank\">Laudes<\/a><\/li>\n<li><a href=\"http:\/\/fraynelson.com\/conferencias\/oracion\/sgrmv_s023v.mp3\" target=\"_blank\">V\u00edsperas<\/a><\/li>\n<\/ul>\n<p><strong>Jueves 4<\/strong><\/p>\n<ul>\n<li><a href=\"http:\/\/fraynelson.com\/conferencias\/oracion\/s024a.mp3\" target=\"_blank\">Laudes<\/a><\/li>\n<li><a href=\"http:\/\/fraynelson.com\/conferencias\/oracion\/s024v.mp3\" target=\"_blank\">V\u00edsperas<\/a><\/li>\n<\/ul>\n<p><strong>Viernes 5<\/strong><\/p>\n<ul>\n<li><a href=\"http:\/\/fraynelson.com\/conferencias\/oracion\/s025a.mp3\" target=\"_blank\">Laudes<\/a><\/li>\n<li><a href=\"http:\/\/fraynelson.com\/conferencias\/oracion\/s025v.mp3\" target=\"_blank\">V\u00edsperas<\/a><\/li>\n<\/ul>\n<p><strong>S\u00e1bado 6<\/strong><\/p>\n<ul>\n<li><a href=\"http:\/\/fraynelson.com\/conferencias\/oracion\/s026a.mp3\" target=\"_blank\">Laudes<\/a><\/li>\n<\/ul>\n","protected":false},"excerpt":{"rendered":"<p>Domingo 31 de Agosto: XXII del Tiempo Ordinario, Ciclo A Primeras V\u00edsperas (s\u00e1bado 30 por la tarde) Laudes Segundas V\u00edsperas Lunes 1 de Septiembre Laudes V\u00edsperas Martes 2 Laudes V\u00edsperas Mi\u00e9rcoles 3: Memoria de San Gregorio Magno, Papa Laudes V\u00edsperas Jueves 4 Laudes V\u00edsperas Viernes 5 Laudes V\u00edsperas S\u00e1bado 6 Laudes<\/p>\n","protected":false},"author":1138,"featured_media":0,"comment_status":"closed","ping_status":"closed","sticky":false,"template":"","format":"standard","meta":{"footnotes":""},"categories":[291,431],"tags":[],"class_list":["post-29965","post","type-post","status-publish","format-standard","hentry","category-audio","category-liturgia"],"jetpack_featured_media_url":"","_links":{"self":[{"href":"https:\/\/fraynelson.com\/blog\/wp-json\/wp\/v2\/posts\/29965","targetHints":{"allow":["GET"]}}],"collection":[{"href":"https:\/\/fraynelson.com\/blog\/wp-json\/wp\/v2\/posts"}],"about":[{"href":"https:\/\/fraynelson.com\/blog\/wp-json\/wp\/v2\/types\/post"}],"author":[{"embeddable":true,"href":"https:\/\/fraynelson.com\/blog\/wp-json\/wp\/v2\/users\/1138"}],"replies":[{"embeddable":true,"href":"https:\/\/fraynelson.com\/blog\/wp-json\/wp\/v2\/comments?post=29965"}],"version-history":[{"count":1,"href":"https:\/\/fraynelson.com\/blog\/wp-json\/wp\/v2\/posts\/29965\/revisions"}],"predecessor-version":[{"id":29966,"href":"https:\/\/fraynelson.com\/blog\/wp-json\/wp\/v2\/posts\/29965\/revisions\/29966"}],"wp:attachment":[{"href":"https:\/\/fraynelson.com\/blog\/wp-json\/wp\/v2\/media?parent=29965"}],"wp:term":[{"taxonomy":"category","embeddable":true,"href":"https:\/\/fraynelson.com\/blog\/wp-json\/wp\/v2\/categories?post=29965"},{"taxonomy":"post_tag","embeddable":true,"href":"https:\/\/fraynelson.com\/blog\/wp-json\/wp\/v2\/tags?post=29965"}],"curies":[{"name":"wp","href":"https:\/\/api.w.org\/{rel}","templated":true}]}}