{"id":29851,"date":"2014-08-26T11:31:40","date_gmt":"2014-08-26T16:31:40","guid":{"rendered":"http:\/\/fraynelson.com\/blog\/?p=29851"},"modified":"2014-08-22T14:43:40","modified_gmt":"2014-08-22T19:43:40","slug":"la-gracia-del-jueves-28-de-agosto-de-2014","status":"publish","type":"post","link":"https:\/\/fraynelson.com\/blog\/2014\/08\/26\/la-gracia-del-jueves-28-de-agosto-de-2014\/","title":{"rendered":"LA GRACIA del Jueves 28 de Agosto de 2014"},"content":{"rendered":"<p>FIESTA DE SAN AGUST\u00cdN DE HIPONA, OBISPO<\/p>\n<p>Bien puede considerarse a San Agust\u00edn el descubridor de un continente nuevo para la Humanidad.<\/p>\n<div class=\"powerpress_player\" id=\"powerpress_player_214\"><audio class=\"wp-audio-shortcode\" id=\"audio-29851-1\" preload=\"none\" style=\"width: 100%;\" controls=\"controls\"><source type=\"audio\/mpeg\" src=\"http:\/\/fraynelson.com\/homilias_mp3\/20140828.mp3?_=1\" \/><a href=\"http:\/\/fraynelson.com\/homilias_mp3\/20140828.mp3\">http:\/\/fraynelson.com\/homilias_mp3\/20140828.mp3<\/a><\/audio><\/div>\n<p><iframe loading=\"lazy\" title=\"LA GRACIA del Jueves 28 de Agosto de 2014\" width=\"525\" height=\"295\" src=\"https:\/\/www.youtube.com\/embed\/y8c5eogZjDA?feature=oembed\" frameborder=\"0\" allow=\"accelerometer; autoplay; clipboard-write; encrypted-media; gyroscope; picture-in-picture; web-share\" referrerpolicy=\"strict-origin-when-cross-origin\" allowfullscreen><\/iframe><\/p>\n<p>[REPRODUCCI\u00d3N PERMITIDA &#8211; Ay\u00fadanos a divulgar este archivo de audio en las redes sociales, blogs, emisoras de radio, y otros medios.]<\/p>\n","protected":false},"excerpt":{"rendered":"<p>FIESTA DE SAN AGUST\u00cdN DE HIPONA, OBISPO Bien puede considerarse a San Agust\u00edn el descubridor de un continente nuevo para la Humanidad. [REPRODUCCI\u00d3N PERMITIDA &#8211; Ay\u00fadanos a divulgar este archivo de audio en las redes sociales, blogs, emisoras de radio, y otros medios.]<\/p>\n","protected":false},"author":1138,"featured_media":0,"comment_status":"closed","ping_status":"closed","sticky":false,"template":"","format":"standard","meta":{"footnotes":""},"categories":[291,370,307,841,511,302],"tags":[],"class_list":["post-29851","post","type-post","status-publish","format-standard","hentry","category-audio","category-crecimiento_espiritual","category-homilias","category-micro-homilias","category-san_agustin","category-video"],"jetpack_featured_media_url":"","_links":{"self":[{"href":"https:\/\/fraynelson.com\/blog\/wp-json\/wp\/v2\/posts\/29851","targetHints":{"allow":["GET"]}}],"collection":[{"href":"https:\/\/fraynelson.com\/blog\/wp-json\/wp\/v2\/posts"}],"about":[{"href":"https:\/\/fraynelson.com\/blog\/wp-json\/wp\/v2\/types\/post"}],"author":[{"embeddable":true,"href":"https:\/\/fraynelson.com\/blog\/wp-json\/wp\/v2\/users\/1138"}],"replies":[{"embeddable":true,"href":"https:\/\/fraynelson.com\/blog\/wp-json\/wp\/v2\/comments?post=29851"}],"version-history":[{"count":2,"href":"https:\/\/fraynelson.com\/blog\/wp-json\/wp\/v2\/posts\/29851\/revisions"}],"predecessor-version":[{"id":29869,"href":"https:\/\/fraynelson.com\/blog\/wp-json\/wp\/v2\/posts\/29851\/revisions\/29869"}],"wp:attachment":[{"href":"https:\/\/fraynelson.com\/blog\/wp-json\/wp\/v2\/media?parent=29851"}],"wp:term":[{"taxonomy":"category","embeddable":true,"href":"https:\/\/fraynelson.com\/blog\/wp-json\/wp\/v2\/categories?post=29851"},{"taxonomy":"post_tag","embeddable":true,"href":"https:\/\/fraynelson.com\/blog\/wp-json\/wp\/v2\/tags?post=29851"}],"curies":[{"name":"wp","href":"https:\/\/api.w.org\/{rel}","templated":true}]}}