{"id":29787,"date":"2014-08-20T01:13:28","date_gmt":"2014-08-20T06:13:28","guid":{"rendered":"http:\/\/fraynelson.com\/blog\/?p=29787"},"modified":"2014-08-17T10:19:26","modified_gmt":"2014-08-17T15:19:26","slug":"caso-de-profeta-apocaliptico-gravemente-equivocado","status":"publish","type":"post","link":"https:\/\/fraynelson.com\/blog\/2014\/08\/20\/caso-de-profeta-apocaliptico-gravemente-equivocado\/","title":{"rendered":"Caso de profeta apocal\u00edptico gravemente equivocado"},"content":{"rendered":"<p>&#8220;Pocos profetas del apocalipsis han estado tan equivocados en sus predicciones como Paul Ehrlich quien tuvo enorme influencia en los setenta con su best-seller The Population Bomb (La bomba de poblaci\u00f3n) publicado en 1968. Ehrlich, que se convirti\u00f3 en un gur\u00fa del movimiento ecologista afirmaba que debido a la superpoblaci\u00f3n la muerte en masa era inminente e inevitable, que la tasa de mortalidad se disparar\u00eda y, que la poblaci\u00f3n \u2014a causa de las hambrunas\u2014 caer\u00eda hasta llegar a la cifra de dos mil millones de personas&#8230;&#8221;<\/p>\n<p><a href=\"https:\/\/www.evernote.com\/shard\/s254\/sh\/744c4bed-1835-4b0f-9907-536ca8997e8b\/20e1fd691c8b5b559742972afc512b86\" target=\"_blank\"><img decoding=\"async\" src=\"http:\/\/fraynelson.com\/banco_imagenes\/recomendados\/20140822.jpg\" alt=\"\" \/><\/p>\n<p>Haz click aqu\u00ed.<\/a><\/p>\n","protected":false},"excerpt":{"rendered":"<p>&#8220;Pocos profetas del apocalipsis han estado tan equivocados en sus predicciones como Paul Ehrlich quien tuvo enorme influencia en los setenta con su best-seller The Population Bomb (La bomba de poblaci\u00f3n) publicado en 1968. Ehrlich, que se convirti\u00f3 en un gur\u00fa del movimiento ecologista afirmaba que debido a la superpoblaci\u00f3n la muerte en masa era &hellip; <\/p>\n<p class=\"link-more\"><a href=\"https:\/\/fraynelson.com\/blog\/2014\/08\/20\/caso-de-profeta-apocaliptico-gravemente-equivocado\/\" class=\"more-link\">Continuar leyendo<span class=\"screen-reader-text\"> &#8220;Caso de profeta apocal\u00edptico gravemente equivocado&#8221;<\/span><\/a><\/p>\n","protected":false},"author":1138,"featured_media":0,"comment_status":"closed","ping_status":"closed","sticky":false,"template":"","format":"standard","meta":{"footnotes":""},"categories":[705,623,620],"tags":[],"class_list":["post-29787","post","type-post","status-publish","format-standard","hentry","category-apocalipsis","category-apologetica-sectas","category-enlaces"],"jetpack_featured_media_url":"","_links":{"self":[{"href":"https:\/\/fraynelson.com\/blog\/wp-json\/wp\/v2\/posts\/29787","targetHints":{"allow":["GET"]}}],"collection":[{"href":"https:\/\/fraynelson.com\/blog\/wp-json\/wp\/v2\/posts"}],"about":[{"href":"https:\/\/fraynelson.com\/blog\/wp-json\/wp\/v2\/types\/post"}],"author":[{"embeddable":true,"href":"https:\/\/fraynelson.com\/blog\/wp-json\/wp\/v2\/users\/1138"}],"replies":[{"embeddable":true,"href":"https:\/\/fraynelson.com\/blog\/wp-json\/wp\/v2\/comments?post=29787"}],"version-history":[{"count":1,"href":"https:\/\/fraynelson.com\/blog\/wp-json\/wp\/v2\/posts\/29787\/revisions"}],"predecessor-version":[{"id":29788,"href":"https:\/\/fraynelson.com\/blog\/wp-json\/wp\/v2\/posts\/29787\/revisions\/29788"}],"wp:attachment":[{"href":"https:\/\/fraynelson.com\/blog\/wp-json\/wp\/v2\/media?parent=29787"}],"wp:term":[{"taxonomy":"category","embeddable":true,"href":"https:\/\/fraynelson.com\/blog\/wp-json\/wp\/v2\/categories?post=29787"},{"taxonomy":"post_tag","embeddable":true,"href":"https:\/\/fraynelson.com\/blog\/wp-json\/wp\/v2\/tags?post=29787"}],"curies":[{"name":"wp","href":"https:\/\/api.w.org\/{rel}","templated":true}]}}