{"id":29735,"date":"2014-08-17T01:29:31","date_gmt":"2014-08-17T06:29:31","guid":{"rendered":"http:\/\/fraynelson.com\/blog\/?p=29735"},"modified":"2014-08-15T21:34:02","modified_gmt":"2014-08-16T02:34:02","slug":"tengamos-claro-de-donde-viene-lo-de-irak","status":"publish","type":"post","link":"https:\/\/fraynelson.com\/blog\/2014\/08\/17\/tengamos-claro-de-donde-viene-lo-de-irak\/","title":{"rendered":"Tengamos claro de d\u00f3nde viene lo de Irak"},"content":{"rendered":"<p>&#8220;Los cristianos est\u00e1n siendo masacrados en Irak: es una noticia extendida por todo el mundo y que no viene m\u00e1s que a confirmar, por desgracia, lo que el refranero expresa \u00abDe aquellos barros vienen estos lodos\u00bb. Este genocidio contra la Iglesia Cat\u00f3lica es una consecuencia m\u00e1s de aquella guerra contra Irak en 2003 causada (en versi\u00f3n \u00aboficial\u00bb) por las supuestas armas de destrucci\u00f3n masiva en poder del gobierno de Sadam Husein. Pues de aquellos barros (guerra injusta e inmoral) llegan estos lodos (holocausto contra los cristianos iraqu\u00edes)&#8230;&#8221;<\/p>\n<p><a href=\"https:\/\/www.evernote.com\/shard\/s254\/sh\/3b41e084-85ab-4748-bbec-2443fd56e056\/06af58779f068b123f511151766f5779\" target=\"_blank\"><img decoding=\"async\" src=\"http:\/\/fraynelson.com\/banco_imagenes\/recomendados\/20140819.jpg\" alt=\"\" \/><\/p>\n<p>Click!<\/a><\/p>\n","protected":false},"excerpt":{"rendered":"<p>&#8220;Los cristianos est\u00e1n siendo masacrados en Irak: es una noticia extendida por todo el mundo y que no viene m\u00e1s que a confirmar, por desgracia, lo que el refranero expresa \u00abDe aquellos barros vienen estos lodos\u00bb. Este genocidio contra la Iglesia Cat\u00f3lica es una consecuencia m\u00e1s de aquella guerra contra Irak en 2003 causada (en &hellip; <\/p>\n<p class=\"link-more\"><a href=\"https:\/\/fraynelson.com\/blog\/2014\/08\/17\/tengamos-claro-de-donde-viene-lo-de-irak\/\" class=\"more-link\">Continuar leyendo<span class=\"screen-reader-text\"> &#8220;Tengamos claro de d\u00f3nde viene lo de Irak&#8221;<\/span><\/a><\/p>\n","protected":false},"author":1138,"featured_media":0,"comment_status":"closed","ping_status":"closed","sticky":false,"template":"","format":"standard","meta":{"footnotes":""},"categories":[620,45,762],"tags":[],"class_list":["post-29735","post","type-post","status-publish","format-standard","hentry","category-enlaces","category-estados-unidos-de-america","category-guerra"],"jetpack_featured_media_url":"","_links":{"self":[{"href":"https:\/\/fraynelson.com\/blog\/wp-json\/wp\/v2\/posts\/29735","targetHints":{"allow":["GET"]}}],"collection":[{"href":"https:\/\/fraynelson.com\/blog\/wp-json\/wp\/v2\/posts"}],"about":[{"href":"https:\/\/fraynelson.com\/blog\/wp-json\/wp\/v2\/types\/post"}],"author":[{"embeddable":true,"href":"https:\/\/fraynelson.com\/blog\/wp-json\/wp\/v2\/users\/1138"}],"replies":[{"embeddable":true,"href":"https:\/\/fraynelson.com\/blog\/wp-json\/wp\/v2\/comments?post=29735"}],"version-history":[{"count":1,"href":"https:\/\/fraynelson.com\/blog\/wp-json\/wp\/v2\/posts\/29735\/revisions"}],"predecessor-version":[{"id":29736,"href":"https:\/\/fraynelson.com\/blog\/wp-json\/wp\/v2\/posts\/29735\/revisions\/29736"}],"wp:attachment":[{"href":"https:\/\/fraynelson.com\/blog\/wp-json\/wp\/v2\/media?parent=29735"}],"wp:term":[{"taxonomy":"category","embeddable":true,"href":"https:\/\/fraynelson.com\/blog\/wp-json\/wp\/v2\/categories?post=29735"},{"taxonomy":"post_tag","embeddable":true,"href":"https:\/\/fraynelson.com\/blog\/wp-json\/wp\/v2\/tags?post=29735"}],"curies":[{"name":"wp","href":"https:\/\/api.w.org\/{rel}","templated":true}]}}