{"id":294,"date":"2004-11-14T01:42:13","date_gmt":"2004-11-14T06:42:13","guid":{"rendered":"1399803756"},"modified":"2005-09-04T18:27:10","modified_gmt":"2005-09-04T18:27:10","slug":"441","status":"publish","type":"post","link":"https:\/\/fraynelson.com\/blog\/2004\/11\/14\/441\/","title":{"rendered":"No todo se ir\u00e1 en la forma (5 de 7)"},"content":{"rendered":"<p><strong>\u00bfForma versus Fondo?<\/strong><\/p>\n<p>Hay un segundo punto en el an\u00e1lisis que hacemos del razonamiento de Lohfink: la dr\u00e1stica separaci\u00f3n entre forma y fondo.<\/p>\n<p>Lohfink ve el &#8220;fondo,&#8221; es decir, lo revelado, solamente en aquello a que apunta el autor sagrado, esto es, aquello que responde a su intenci\u00f3n. A esa intenci\u00f3n apunta la forma literaria, que es recurso usado por el mismo autor para conducirnos a su conclusi\u00f3n.<\/p>\n<p>Seg\u00fan esto, lo que no haga relaci\u00f3n al &#8220;fondo,&#8221; a la esencia del relato seg\u00fan la intenci\u00f3n del autor, no tiene caracter\u00edstica de contenido revelado sino de texto redaccional en funci\u00f3n de la forma.<\/p>\n<p><!--more--><\/p>\n<p>Escribe Lohfink, refiri\u00e9ndose al pasaje que nos ocupa: &#8220;La frase que abre la narraci\u00f3n es muy ilustrativa a este respecto. A primera vista, la fecha &#8216;en el sexto mes&#8217; parece muy concreta, algo que no era de inventarse. En realidad, no es m\u00e1s que una conexi\u00f3n narrativa con sentido e intenci\u00f3n.&#8221;<\/p>\n<p>Y uno se pregunta: \u00bfc\u00f3mo sabr\u00e1 Lohfink la realidad? \u00bfDe d\u00f3nde saca seguridad para afirmar que eso es pura forma y que por consiguiente &#8220;no es m\u00e1s que una conexi\u00f3n narrativa&#8221;? Yo no niego que en este caso haya conexi\u00f3n entre los dos relatos de anunciaci\u00f3n, a Zacar\u00edas primero y a Mar\u00eda despu\u00e9s. Mi pregunta es si esa conexi\u00f3n es s\u00f3lo &#8220;narrativa&#8221; y por lo tanto s\u00f3lo formal. \u00bfNo estamos sacrificando demasiado al descubrimiento de Dibelius? \u00bfDe verdad un autor como Lucas, que dice haberse informado diligentemente (Lc 1,3), pone un n\u00famero de meses s\u00f3lo para que el relato &#8220;conecte&#8221; bien?<\/p>\n<p>Mi sensaci\u00f3n es que, una vez tomada una opci\u00f3n, la de afirmar que aqu\u00ed estamos frente a una forma literaria que nos dir\u00e1 <em>una sola cosa<\/em>, se est\u00e1 forzando todo lo dem\u00e1s en soporte de esa opci\u00f3n tomada. \u00bfEs eso cient\u00edfico?<\/p>\n","protected":false},"excerpt":{"rendered":"<p>\u00bfForma versus Fondo? Hay un segundo punto en el an\u00e1lisis que hacemos del razonamiento de Lohfink: la dr\u00e1stica separaci\u00f3n entre forma y fondo. Lohfink ve el &#8220;fondo,&#8221; es decir, lo revelado, solamente en aquello a que apunta el autor sagrado, esto es, aquello que responde a su intenci\u00f3n. A esa intenci\u00f3n apunta la forma literaria, &hellip; <\/p>\n<p class=\"link-more\"><a href=\"https:\/\/fraynelson.com\/blog\/2004\/11\/14\/441\/\" class=\"more-link\">Continuar leyendo<span class=\"screen-reader-text\"> &#8220;No todo se ir\u00e1 en la forma (5 de 7)&#8221;<\/span><\/a><\/p>\n","protected":false},"author":1138,"featured_media":0,"comment_status":"open","ping_status":"open","sticky":false,"template":"","format":"standard","meta":{"footnotes":""},"categories":[59],"tags":[],"class_list":["post-294","post","type-post","status-publish","format-standard","hentry","category-apuntes-teologicos"],"jetpack_featured_media_url":"","_links":{"self":[{"href":"https:\/\/fraynelson.com\/blog\/wp-json\/wp\/v2\/posts\/294","targetHints":{"allow":["GET"]}}],"collection":[{"href":"https:\/\/fraynelson.com\/blog\/wp-json\/wp\/v2\/posts"}],"about":[{"href":"https:\/\/fraynelson.com\/blog\/wp-json\/wp\/v2\/types\/post"}],"author":[{"embeddable":true,"href":"https:\/\/fraynelson.com\/blog\/wp-json\/wp\/v2\/users\/1138"}],"replies":[{"embeddable":true,"href":"https:\/\/fraynelson.com\/blog\/wp-json\/wp\/v2\/comments?post=294"}],"version-history":[{"count":0,"href":"https:\/\/fraynelson.com\/blog\/wp-json\/wp\/v2\/posts\/294\/revisions"}],"wp:attachment":[{"href":"https:\/\/fraynelson.com\/blog\/wp-json\/wp\/v2\/media?parent=294"}],"wp:term":[{"taxonomy":"category","embeddable":true,"href":"https:\/\/fraynelson.com\/blog\/wp-json\/wp\/v2\/categories?post=294"},{"taxonomy":"post_tag","embeddable":true,"href":"https:\/\/fraynelson.com\/blog\/wp-json\/wp\/v2\/tags?post=294"}],"curies":[{"name":"wp","href":"https:\/\/api.w.org\/{rel}","templated":true}]}}