{"id":290,"date":"2004-11-18T05:07:20","date_gmt":"2004-11-18T10:07:20","guid":{"rendered":"165085155"},"modified":"2005-09-04T18:30:32","modified_gmt":"2005-09-04T18:30:32","slug":"445","status":"publish","type":"post","link":"https:\/\/fraynelson.com\/blog\/2004\/11\/18\/445\/","title":{"rendered":"La Velocidad del Mediodia"},"content":{"rendered":"<p>El mediod\u00eda es apenas un instante, aquel en que el sol est\u00e1 m\u00e1s alto en el cielo. Esta es, por lo menos, una manera de definirlo. No coincide con la realidad de cada punto del planeta porque en un pa\u00eds como Colombia hay una sola zona horaria, de modo que no se va a cumplir que el sol est\u00e1 exactamente en lo m\u00e1s alto y a la vez en todos los puntos de Este a Oeste que caen dentro de la misma zona.<\/p>\n<p><!--more--><\/p>\n<p>Es interesante lo de pensar en el mediod\u00eda como un instante que nos visita una vez cada d\u00eda. Y lo es tambi\u00e9n pensar en que ese instante que nosotros vivimos luego lo viven otras personas, y luego otras. Seg\u00fan esto el mediod\u00eda es una experiencia que va movi\u00e9ndose, que va pasando de unos a otros, viajando siempre de Este hacia Oeste.<\/p>\n<p>\u00bfA qu\u00e9 velocidad se mueve el mediod\u00eda? La respuesta cambia seg\u00fan la latitud. En el Ecuador, el mediod\u00eda recorre 40.000 kil\u00f3metros en 24 horas, es decir, 40 millones de metros en 86.400 segundos. El mediod\u00eda corre a un poco m\u00e1s de de 462 metros por segundo en el Ecuador.<\/p>\n<p>Un problema geom\u00e9trico y matem\u00e1tico interesante es ver c\u00f3mo cambia esta velocidad de acuerdo con la latitud del lugar en que uno se encuentra (relativa a otros puntos con igual latitud) y tambi\u00e9n c\u00f3mo la afectan el \u00e1ngulo de inclinaci\u00f3n del eje de rotaci\u00f3n de la tierra sobre el plano de su el\u00edptica alrededor del sol, y por consiguiente de acuerdo con el tiempo del a\u00f1o en que uno se encuentra.<\/p>\n<p>La cifra obtenida, 462 metros por segundo, es la m\u00e1s alta para este planeta y sirve para ilustrar qu\u00e9 poco dura un instante o cu\u00e1n presto vuela el tiempo. Sentir que un segundo despu\u00e9s del mediod\u00eda ya \u00e9ste se halla a casi 500 metros de m\u00ed, me hace pensar qu\u00e9 regalo es tener cada segundo, cada momento de la vida.<\/p>\n","protected":false},"excerpt":{"rendered":"<p>El mediod\u00eda es apenas un instante, aquel en que el sol est\u00e1 m\u00e1s alto en el cielo. Esta es, por lo menos, una manera de definirlo. No coincide con la realidad de cada punto del planeta porque en un pa\u00eds como Colombia hay una sola zona horaria, de modo que no se va a cumplir &hellip; <\/p>\n<p class=\"link-more\"><a href=\"https:\/\/fraynelson.com\/blog\/2004\/11\/18\/445\/\" class=\"more-link\">Continuar leyendo<span class=\"screen-reader-text\"> &#8220;La Velocidad del Mediodia&#8221;<\/span><\/a><\/p>\n","protected":false},"author":1138,"featured_media":0,"comment_status":"open","ping_status":"open","sticky":false,"template":"","format":"standard","meta":{"footnotes":""},"categories":[48],"tags":[],"class_list":["post-290","post","type-post","status-publish","format-standard","hentry","category-ciencia-y-tecnologia"],"jetpack_featured_media_url":"","_links":{"self":[{"href":"https:\/\/fraynelson.com\/blog\/wp-json\/wp\/v2\/posts\/290","targetHints":{"allow":["GET"]}}],"collection":[{"href":"https:\/\/fraynelson.com\/blog\/wp-json\/wp\/v2\/posts"}],"about":[{"href":"https:\/\/fraynelson.com\/blog\/wp-json\/wp\/v2\/types\/post"}],"author":[{"embeddable":true,"href":"https:\/\/fraynelson.com\/blog\/wp-json\/wp\/v2\/users\/1138"}],"replies":[{"embeddable":true,"href":"https:\/\/fraynelson.com\/blog\/wp-json\/wp\/v2\/comments?post=290"}],"version-history":[{"count":0,"href":"https:\/\/fraynelson.com\/blog\/wp-json\/wp\/v2\/posts\/290\/revisions"}],"wp:attachment":[{"href":"https:\/\/fraynelson.com\/blog\/wp-json\/wp\/v2\/media?parent=290"}],"wp:term":[{"taxonomy":"category","embeddable":true,"href":"https:\/\/fraynelson.com\/blog\/wp-json\/wp\/v2\/categories?post=290"},{"taxonomy":"post_tag","embeddable":true,"href":"https:\/\/fraynelson.com\/blog\/wp-json\/wp\/v2\/tags?post=290"}],"curies":[{"name":"wp","href":"https:\/\/api.w.org\/{rel}","templated":true}]}}