{"id":286,"date":"2004-11-22T02:16:19","date_gmt":"2004-11-22T07:16:19","guid":{"rendered":"913157289"},"modified":"2005-09-04T18:42:42","modified_gmt":"2005-09-04T18:42:42","slug":"449","status":"publish","type":"post","link":"https:\/\/fraynelson.com\/blog\/2004\/11\/22\/449\/","title":{"rendered":"Noticia y Entrevista"},"content":{"rendered":"<p>Claudia Siles, de <strong>El Deber<\/strong>, peri\u00f3dico de Santa Cruz, public\u00f3 una nota sobre el Encuentro Carism\u00e1tico en <em>La Mansi\u00f3n<\/em>.<\/p>\n<p><!--more--><\/p>\n<p>\n<h4>Hace 25 a\u00f1os se realiz\u00f3 el primer congreso para unir en oraci\u00f3n a los seguidores de la l\u00ednea carism\u00e1tica cat\u00f3lica de varios pa\u00edses. Este a\u00f1o, el pedido se centrar\u00e1 en la necesidad de pacificar el mundo<\/h4>\n<p>\n<p>El pahuichi de La Mansi\u00f3n, ese gran sal\u00f3n con capacidad para albergar a unas siete mil personas, ya est\u00e1 listo para la misa de inauguraci\u00f3n de la vig\u00e9simo quinta versi\u00f3n del Encuentro Internacional del Nuevo Pentecost\u00e9s, que se realizar\u00e1 hoy a partir de las 10:00.<\/p>\n<p>Este a\u00f1o, el lema del encuentro es <i>Se\u00f1or, hazme mensajero de la paz<\/i>, y pretende unir a miles de personas para hacer oraciones por la pacificaci\u00f3n de Bolivia y el mundo. Seg\u00fan el sacerdote colombiano Nelson Medina, que lleg\u00f3 como invitado especial al encuentro, el tema es muy oportuno y positivo porque pedir\u00e1 que todos nos aboquemos a buscar la justicia y la reconciliaci\u00f3n.<\/p>\n<p>Para los organizadores, el pedido de paz tambi\u00e9n es considerado una prioridad, principalmente en un momento en el que el pa\u00eds se mueve al ritmo de pugnas entre el Occidente y el Oriente y algunos rumores de inestabilidad asoman en el panorama pol\u00edtico.<\/p>\n<p>Las primeras delegaciones, de Paraguay y Per\u00fa, llegaron el viernes pasado. Se espera que unas 2.000 personas del exterior asistan a este encuentro. Sin embargo, el programa de charlas diarias (en la ma\u00f1ana y en la tarde) y el rol de celebraciones eucar\u00edsticas, que se tiene previsto para las 6:30 y las 19:30 de cada d\u00eda, podr\u00e1n atraer a unas 20.000 personas, aproximadamente.<\/p>\n<p>La Mansi\u00f3n, centro carism\u00e1tico de evangelizaci\u00f3n que naci\u00f3 a inspiraci\u00f3n de los padres Chris y Daniel, comenz\u00f3 realizando estos encuentros en 1980. Desde entonces, la cita congrega a miles de personas. Seg\u00fan Dalcy Flores, secretaria general del congreso, cada vez hay m\u00e1s gente boliviana entre los asistentes.<\/p>\n<p>\n<h4>M\u00e1s de mil personas en la organizaci\u00f3n<\/h4>\n<p>\n<p>El trabajo para organizar el XXV Encuentro Internacional del Nuevo Pentecost\u00e9s comenz\u00f3 el a\u00f1o pasado, cuando los fieles ya sab\u00edan que tendr\u00edan la responsabilidad de preparar la versi\u00f3n que coincide con las bodas de plata del congreso.<\/p>\n<p>Esta vez fueron 50 las comisiones que se abocaron a la organizaci\u00f3n en temas como transporte, alojamiento, alimentaci\u00f3n, etc. Lo que quiere decir que unas mil personas se movieron para que todo salga bien.<\/p>\n<p>El trabajo es organizado por el padre <b>Jos\u00e9 Luis Vargas<\/b> y coordinado por <b>Sa\u00fal Paniagua Flores<\/b>. Muchos aspectos de este encuentro est\u00e1n a cargo de laicos, es decir, personas que no son sacerdotes ni siguen una carrera formal religiosa, pero que son muy apegados a este centro carism\u00e1tico cat\u00f3lico de evangelizaci\u00f3n.<\/p>\n<p>En s\u00ed, son los laicos de mayor trayectoria los que tienen a su cargo varias de las charlas que se dar\u00e1n cada d\u00eda a lo largo de esta semana.<\/p>\n<p>&#8220;Es un trabajo arduo, pero gratificante,&#8221; dijo la secretaria general del congreso, <b>Dalcy Flores<\/b>.<\/p>\n<p>\n<h2>Misas y charlas<\/h2>\n<p>\n<ul>\n<li>Domingo 21. Misa de inauguraci\u00f3n a las 10:00. En la noche, a las 19:30.<\/li>\n<p>\n<li>Lunes 22. Se\u00f1or, hazme mensajero de la paz.<\/li>\n<p>\n<li>Martes 23. Itinerancia y misi\u00f3n y Paz, B\u00fasqueda Familiar.<\/li>\n<p>\n<li>Mi\u00e9rcoles 24. Artesanos de la paz y Liderazgo en la vida cristiana.<\/li>\n<p>\n<li>Jueves 25. Paz y bien. Se\u00f1or, hazme mensajero de la paz.<\/li>\n<p>\n<li>Viernes 26. Justicia y Paz. Amor por la Iglesia.<\/li>\n<p>\n<li>S\u00e1bado 27. Hola, te llevo a Jes\u00fas, por catequistas.<\/li>\n<p>\n<li>Domingo 28. Misa de clausura a las 10:00. Misa de acci\u00f3n de gracias a las 19:30.<\/li>\n<\/ul>\n<p>\n<h2>Fr. Nelson Medina \/ Predicador<\/h2>\n<p>\n<p><em>\u00bfPor qu\u00e9 es tan importante pedir paz en este momento?<\/em><\/p>\n<p>Es un tema actual en el mundo. La paz es m\u00e1s que la ausencia de guerra, es algo que requiere justicia, reconciliaci\u00f3n, capacidad de perd\u00f3n y una visi\u00f3n compartida del futuro.<\/p>\n<p><em>\u00bfEn qu\u00e9 piensa enfatizar? <\/em><\/p>\n<p>En tres l\u00edneas. En la necesidad de que nos quitemos de la cabeza que todo creyente es un fundamentalista. La verdadera fe es de humildad, de encuentro y de paz. El segundo punto es la paz interior. Una persona que no tiene paz dentro de s\u00ed, no puede construir paz afuera. El tercer aspecto es la humildad. Se la asocia con debilidad, pero es una apuesta por la verdad. La soberbia est\u00e1 a un paso de la violencia, as\u00ed como la humildad de la paz.<\/p>\n<p><em>\u00c9ste es un encuentro movido por laicos, \u00bfqu\u00e9 opina de eso? <\/em><\/p>\n<p>Los laicos son un signo de los tiempos. Nos muestran que muchos hermanos toman en serio su fe. Necesitan prudencia y acompa\u00f1amiento de pastores, pero son una gran noticia.<\/p>\n<p><em>\u00bfC\u00f3mo aprovechar mejor estos d\u00edas en La Mansi\u00f3n? <\/em><\/p>\n<p>Estos d\u00edas ser\u00e1n como un banquete espiritual&#8230; la comida se dar\u00e1 a todos, pero cada uno hace la propia digesti\u00f3n. Es decir que luego de participar, debemos abrirnos al di\u00e1logo, a la reflexi\u00f3n, a la lectura frecuente de la palabra de Dios. Si nos quedamos s\u00f3lo con las predicaciones, pasa muy r\u00e1pido. Creo en la fuerza del evangelio para sanar vidas.<\/p>\n","protected":false},"excerpt":{"rendered":"<p>Claudia Siles, de El Deber, peri\u00f3dico de Santa Cruz, public\u00f3 una nota sobre el Encuentro Carism\u00e1tico en La Mansi\u00f3n.<\/p>\n","protected":false},"author":1138,"featured_media":0,"comment_status":"open","ping_status":"open","sticky":false,"template":"","format":"standard","meta":{"footnotes":""},"categories":[36],"tags":[],"class_list":["post-286","post","type-post","status-publish","format-standard","hentry","category-misiones-y-retiros"],"jetpack_featured_media_url":"","_links":{"self":[{"href":"https:\/\/fraynelson.com\/blog\/wp-json\/wp\/v2\/posts\/286","targetHints":{"allow":["GET"]}}],"collection":[{"href":"https:\/\/fraynelson.com\/blog\/wp-json\/wp\/v2\/posts"}],"about":[{"href":"https:\/\/fraynelson.com\/blog\/wp-json\/wp\/v2\/types\/post"}],"author":[{"embeddable":true,"href":"https:\/\/fraynelson.com\/blog\/wp-json\/wp\/v2\/users\/1138"}],"replies":[{"embeddable":true,"href":"https:\/\/fraynelson.com\/blog\/wp-json\/wp\/v2\/comments?post=286"}],"version-history":[{"count":0,"href":"https:\/\/fraynelson.com\/blog\/wp-json\/wp\/v2\/posts\/286\/revisions"}],"wp:attachment":[{"href":"https:\/\/fraynelson.com\/blog\/wp-json\/wp\/v2\/media?parent=286"}],"wp:term":[{"taxonomy":"category","embeddable":true,"href":"https:\/\/fraynelson.com\/blog\/wp-json\/wp\/v2\/categories?post=286"},{"taxonomy":"post_tag","embeddable":true,"href":"https:\/\/fraynelson.com\/blog\/wp-json\/wp\/v2\/tags?post=286"}],"curies":[{"name":"wp","href":"https:\/\/api.w.org\/{rel}","templated":true}]}}