{"id":270,"date":"2004-12-08T04:13:47","date_gmt":"2004-12-08T09:13:47","guid":{"rendered":"1177505685"},"modified":"2005-09-02T09:24:29","modified_gmt":"2005-09-02T09:24:29","slug":"465","status":"publish","type":"post","link":"https:\/\/fraynelson.com\/blog\/2004\/12\/08\/465\/","title":{"rendered":"Testimonio Paraguayo"},"content":{"rendered":"<p>Muchas veces he compartido en este espacio de los dolores, preguntas e incluso tentaciones que vivimos los sacerdotes. En honor a la verdad quiero compartir tambi\u00e9n un testimonio de la obra que Dios en su misericordia ha querido hacer a trav\u00e9s de este servidor de ustedes.<\/p>\n<p><!--more--><\/p>\n<blockquote><p>&#8220;Tuicha \u00d1andeyara&#8221; &#8211; En idioma guaran\u00ed: Grande es nuestro Dios. Hoy recordamos esta frase que Ud. se aprendi\u00f3 y nos recit\u00f3 el \u00faltimo d\u00eda de ense\u00f1anza y taller aqu\u00ed en Asunci\u00f3n.<\/p>\n<p>Realmente, \u00a1es grande EL!, que nos regal\u00f3 d\u00edas de intensa oraci\u00f3n y ense\u00f1anzas. Pudimos sentir el gran amor que nos tiene Dios y que derram\u00f3 en abundancia en muchas personas a trav\u00e9s de Fray Nelson.<\/p>\n<p>Que Dios bendiga su vida y su familia, en especial su ministerio sacerdotal; que la Virgen de Ca\u00e1cupe (el 8 de Dic., es dia de la Virgen de Ca\u00e1cupe aqui en Paraguay) lo acompa\u00f1e siempre en sus viajes y proyectos.<\/p>\n<p>Que el Esp\u00edritu Santo renueve esa contagiante energ\u00eda y fortaleza que nos demostro en todos estos calurosos y agotadores d\u00edas de trabajo que le toc\u00f3 vivir aqui.<\/p>\n<p>Para nosotros, es mucho lo que debemos ir recordando y aplicando de las ense\u00f1anzas. A\u00fan tenemos el sabor de su agradable presencia en nuestros pa\u00eds, en nuestras vidas.<\/p>\n<p>Tuvimos la gracia de compartir con Ud. en este encuentro, en familia. Saludos de Osvaldo y Maria Cristina, tambi\u00e9n de Diana y Diego&#8230; nuestros hijos.<\/p>\n<\/blockquote>\n","protected":false},"excerpt":{"rendered":"<p>Muchas veces he compartido en este espacio de los dolores, preguntas e incluso tentaciones que vivimos los sacerdotes. En honor a la verdad quiero compartir tambi\u00e9n un testimonio de la obra que Dios en su misericordia ha querido hacer a trav\u00e9s de este servidor de ustedes.<\/p>\n","protected":false},"author":1138,"featured_media":0,"comment_status":"open","ping_status":"open","sticky":false,"template":"","format":"standard","meta":{"footnotes":""},"categories":[36],"tags":[],"class_list":["post-270","post","type-post","status-publish","format-standard","hentry","category-misiones-y-retiros"],"jetpack_featured_media_url":"","_links":{"self":[{"href":"https:\/\/fraynelson.com\/blog\/wp-json\/wp\/v2\/posts\/270","targetHints":{"allow":["GET"]}}],"collection":[{"href":"https:\/\/fraynelson.com\/blog\/wp-json\/wp\/v2\/posts"}],"about":[{"href":"https:\/\/fraynelson.com\/blog\/wp-json\/wp\/v2\/types\/post"}],"author":[{"embeddable":true,"href":"https:\/\/fraynelson.com\/blog\/wp-json\/wp\/v2\/users\/1138"}],"replies":[{"embeddable":true,"href":"https:\/\/fraynelson.com\/blog\/wp-json\/wp\/v2\/comments?post=270"}],"version-history":[{"count":0,"href":"https:\/\/fraynelson.com\/blog\/wp-json\/wp\/v2\/posts\/270\/revisions"}],"wp:attachment":[{"href":"https:\/\/fraynelson.com\/blog\/wp-json\/wp\/v2\/media?parent=270"}],"wp:term":[{"taxonomy":"category","embeddable":true,"href":"https:\/\/fraynelson.com\/blog\/wp-json\/wp\/v2\/categories?post=270"},{"taxonomy":"post_tag","embeddable":true,"href":"https:\/\/fraynelson.com\/blog\/wp-json\/wp\/v2\/tags?post=270"}],"curies":[{"name":"wp","href":"https:\/\/api.w.org\/{rel}","templated":true}]}}