{"id":25050,"date":"2014-01-14T08:50:34","date_gmt":"2014-01-14T13:50:34","guid":{"rendered":"http:\/\/fraynelson.com\/blog\/?p=25050"},"modified":"2014-01-14T08:50:34","modified_gmt":"2014-01-14T13:50:34","slug":"sobre-la-salud-del-p-francisco-pachito-pardo-o-p","status":"publish","type":"post","link":"https:\/\/fraynelson.com\/blog\/2014\/01\/14\/sobre-la-salud-del-p-francisco-pachito-pardo-o-p\/","title":{"rendered":"Sobre la salud del P. Francisco (Pachito) Pardo, O.P."},"content":{"rendered":"<p>Varios amigos m\u00edos, y sobre todo amigos del P. Pachito, me han preguntado sobre su salud. \u00c9l ha sido y es un sacerdote generoso, entregado a las almas, que ha tocado y transformado muchas vidas. En mi propia historia vocacional, ya desde la infancia, he recibido muchos bienes de este que hoy es hermano de comunidad, en la Orden Dominicana.<\/p>\n<p><a href=\"https:\/\/fraynelson.com\/blog\/wp-content\/uploads\/2014\/01\/Pachito.jpg\"><img loading=\"lazy\" decoding=\"async\" src=\"https:\/\/fraynelson.com\/blog\/wp-content\/uploads\/2014\/01\/Pachito.jpg\" alt=\"Pachito\" width=\"300\" height=\"353\" class=\"aligncenter size-full wp-image-25052\" \/><\/a><\/p>\n<p>La \u00fanica novedad, a 14 de Enero de 2014, para que todos estemos m\u00e1s tranquilos, es que resulta necesaria una peque\u00f1a intervenci\u00f3n para cambiar la pila del marcapasos que \u00e9l usa hace a\u00f1os. Este hecho del marcapasos ha producido algo de debilidad y cambios en la presi\u00f3n sangu\u00ednea, con ligero trastorno. No es entonces una operaci\u00f3n demasiado grave ni hay motivo para alarmarse.<\/p>\n<p>Con su edad madura, de ochenta a\u00f1os bien cumplidos, este querido sacerdote sigue adelante con su servicio pastoral, y esperamos en la misericordia de Dios que as\u00ed sea por el tiempo que Dios disponga.<\/p>\n<p>Todos nos encomendamos a sus oraciones.<\/p>\n","protected":false},"excerpt":{"rendered":"<p>Varios amigos m\u00edos, y sobre todo amigos del P. Pachito, me han preguntado sobre su salud. \u00c9l ha sido y es un sacerdote generoso, entregado a las almas, que ha tocado y transformado muchas vidas. En mi propia historia vocacional, ya desde la infancia, he recibido muchos bienes de este que hoy es hermano de &hellip; <\/p>\n<p class=\"link-more\"><a href=\"https:\/\/fraynelson.com\/blog\/2014\/01\/14\/sobre-la-salud-del-p-francisco-pachito-pardo-o-p\/\" class=\"more-link\">Continuar leyendo<span class=\"screen-reader-text\"> &#8220;Sobre la salud del P. Francisco (Pachito) Pardo, O.P.&#8221;<\/span><\/a><\/p>\n","protected":false},"author":1138,"featured_media":0,"comment_status":"closed","ping_status":"closed","sticky":false,"template":"","format":"standard","meta":{"footnotes":""},"categories":[490,3],"tags":[],"class_list":["post-25050","post","type-post","status-publish","format-standard","hentry","category-dominicos","category-noticias-personales"],"jetpack_featured_media_url":"","_links":{"self":[{"href":"https:\/\/fraynelson.com\/blog\/wp-json\/wp\/v2\/posts\/25050","targetHints":{"allow":["GET"]}}],"collection":[{"href":"https:\/\/fraynelson.com\/blog\/wp-json\/wp\/v2\/posts"}],"about":[{"href":"https:\/\/fraynelson.com\/blog\/wp-json\/wp\/v2\/types\/post"}],"author":[{"embeddable":true,"href":"https:\/\/fraynelson.com\/blog\/wp-json\/wp\/v2\/users\/1138"}],"replies":[{"embeddable":true,"href":"https:\/\/fraynelson.com\/blog\/wp-json\/wp\/v2\/comments?post=25050"}],"version-history":[{"count":2,"href":"https:\/\/fraynelson.com\/blog\/wp-json\/wp\/v2\/posts\/25050\/revisions"}],"predecessor-version":[{"id":25053,"href":"https:\/\/fraynelson.com\/blog\/wp-json\/wp\/v2\/posts\/25050\/revisions\/25053"}],"wp:attachment":[{"href":"https:\/\/fraynelson.com\/blog\/wp-json\/wp\/v2\/media?parent=25050"}],"wp:term":[{"taxonomy":"category","embeddable":true,"href":"https:\/\/fraynelson.com\/blog\/wp-json\/wp\/v2\/categories?post=25050"},{"taxonomy":"post_tag","embeddable":true,"href":"https:\/\/fraynelson.com\/blog\/wp-json\/wp\/v2\/tags?post=25050"}],"curies":[{"name":"wp","href":"https:\/\/api.w.org\/{rel}","templated":true}]}}