{"id":24954,"date":"2014-01-10T14:42:03","date_gmt":"2014-01-10T19:42:03","guid":{"rendered":"http:\/\/fraynelson.com\/blog\/?p=24954"},"modified":"2014-01-10T15:01:38","modified_gmt":"2014-01-10T20:01:38","slug":"conversion-pastoral-07-de-12-equipo","status":"publish","type":"post","link":"https:\/\/fraynelson.com\/blog\/2014\/01\/10\/conversion-pastoral-07-de-12-equipo\/","title":{"rendered":"Conversi\u00f3n Pastoral, 07 de 12, Equipo"},"content":{"rendered":"<p>[<em>Retiro espiritual para sacerdotes de la Di\u00f3cesis de Yopal, en Colombia; Enero de 2014<\/em>.]<\/p>\n<p><strong>Tema 7 de 12: Equipo<\/strong><\/p>\n<p>* La Iglesia en Cruz: vertical y horizontal<br \/>\n+ La fe que nos salva no es fruto de un consenso de voluntades humanas. Es la respuesta a la predicaci\u00f3n de los ap\u00f3stoles.<br \/>\n+ La fe la recibimos; es un don que en el momento mismo de darse establece una direcci\u00f3n &#8220;vertical,&#8221; que va de arriba hacia abajo: una jerarqu\u00eda. Por consecuencia, lo jer\u00e1rquico en la Iglesia no es un a\u00f1adido posterior, con fines de funcionamiento, sino parte misma del modo \u00fanico como nace la comunidad creyente: a partir del testimonio de los ap\u00f3stoles.<br \/>\n+ Sin embargo, ello no autoriza a la prepotencia, la vanidad o el clericalismo, que son todas enfermedades en las que Cristo pierde su lugar y su significado. La autoridad debe existir pero somo servicio, a la manera de Cristo.<br \/>\n+ Adem\u00e1s, est\u00e1 la dimensi\u00f3n &#8220;horizontal&#8221;: todos, jerarcas o no, hemos sido salvados por misericordia; todos hemos recibido tambi\u00e9n don del Esp\u00edritu, y cada carisma tiene su lugar e importancia en la vida del pueblo de Dios.<\/p>\n<p>* Ser l\u00edderes<br \/>\n+ El presb\u00edtero est\u00e1 llamado a &#8220;ir delante&#8221; en el conocimiento de Cristo, y en el amor y obediencia a su Evangelio.<br \/>\n+ Su labor no es la de consultor ni se reduce a &#8220;acompa\u00f1ar&#8221; las opciones de la gente porque a menudo esas opciones son determinadas por eficaces m\u00e9todos de los centros de poder econ\u00f3mico y pol\u00edtico para &#8220;lavar&#8221; el cerebro a las masas.<\/p>\n<p>* Afianzar la unidad en el presbiterio y luego en la comunidad<br \/>\n+ Vemos en la Sagrada Escritura que el individualismo anterior a la Pascua se abre a una experiencia de comuni\u00f3n muy profunda. Es fruto del Esp\u00edritu que se consolida en la oraci\u00f3n. \u00bfQu\u00e9 otras lecciones nos deja?<br \/>\n(1) Importancia de volvernos a la palabra de los ap\u00f3stoles.<br \/>\n(2) Gestos espec\u00edficos de compartir y de solidaridad.<br \/>\n(3) Reconocer los enemigos comunes (las persecuciones, muchas veces sutiles, que padece la Iglesia hoy)<br \/>\n(4) Recordar que el coraz\u00f3n de toda di\u00f3cesis es el seminario.<\/p>\n<div class=\"powerpress_player\" id=\"powerpress_player_5911\"><audio class=\"wp-audio-shortcode\" id=\"audio-24954-1\" preload=\"none\" style=\"width: 100%;\" controls=\"controls\"><source type=\"audio\/mpeg\" src=\"http:\/\/fraynelson.com\/conferencias\/vida_consagrada\/conversion_pastoral_07_de_12_equipo.mp3?_=1\" \/><a href=\"http:\/\/fraynelson.com\/conferencias\/vida_consagrada\/conversion_pastoral_07_de_12_equipo.mp3\">http:\/\/fraynelson.com\/conferencias\/vida_consagrada\/conversion_pastoral_07_de_12_equipo.mp3<\/a><\/audio><\/div>\n","protected":false},"excerpt":{"rendered":"<p>[Retiro espiritual para sacerdotes de la Di\u00f3cesis de Yopal, en Colombia; Enero de 2014.] Tema 7 de 12: Equipo * La Iglesia en Cruz: vertical y horizontal + La fe que nos salva no es fruto de un consenso de voluntades humanas. Es la respuesta a la predicaci\u00f3n de los ap\u00f3stoles. + La fe la &hellip; <\/p>\n<p class=\"link-more\"><a href=\"https:\/\/fraynelson.com\/blog\/2014\/01\/10\/conversion-pastoral-07-de-12-equipo\/\" class=\"more-link\">Continuar leyendo<span class=\"screen-reader-text\"> &#8220;Conversi\u00f3n Pastoral, 07 de 12, Equipo&#8221;<\/span><\/a><\/p>\n","protected":false},"author":1138,"featured_media":0,"comment_status":"closed","ping_status":"closed","sticky":false,"template":"","format":"standard","meta":{"footnotes":""},"categories":[291,1140,42],"tags":[],"class_list":["post-24954","post","type-post","status-publish","format-standard","hentry","category-audio","category-conversion-pastoral","category-sacerdotes-y-vocaciones"],"jetpack_featured_media_url":"","_links":{"self":[{"href":"https:\/\/fraynelson.com\/blog\/wp-json\/wp\/v2\/posts\/24954","targetHints":{"allow":["GET"]}}],"collection":[{"href":"https:\/\/fraynelson.com\/blog\/wp-json\/wp\/v2\/posts"}],"about":[{"href":"https:\/\/fraynelson.com\/blog\/wp-json\/wp\/v2\/types\/post"}],"author":[{"embeddable":true,"href":"https:\/\/fraynelson.com\/blog\/wp-json\/wp\/v2\/users\/1138"}],"replies":[{"embeddable":true,"href":"https:\/\/fraynelson.com\/blog\/wp-json\/wp\/v2\/comments?post=24954"}],"version-history":[{"count":4,"href":"https:\/\/fraynelson.com\/blog\/wp-json\/wp\/v2\/posts\/24954\/revisions"}],"predecessor-version":[{"id":24959,"href":"https:\/\/fraynelson.com\/blog\/wp-json\/wp\/v2\/posts\/24954\/revisions\/24959"}],"wp:attachment":[{"href":"https:\/\/fraynelson.com\/blog\/wp-json\/wp\/v2\/media?parent=24954"}],"wp:term":[{"taxonomy":"category","embeddable":true,"href":"https:\/\/fraynelson.com\/blog\/wp-json\/wp\/v2\/categories?post=24954"},{"taxonomy":"post_tag","embeddable":true,"href":"https:\/\/fraynelson.com\/blog\/wp-json\/wp\/v2\/tags?post=24954"}],"curies":[{"name":"wp","href":"https:\/\/api.w.org\/{rel}","templated":true}]}}