{"id":24937,"date":"2014-01-10T14:50:02","date_gmt":"2014-01-10T19:50:02","guid":{"rendered":"http:\/\/fraynelson.com\/blog\/?p=24937"},"modified":"2014-01-10T14:42:38","modified_gmt":"2014-01-10T19:42:38","slug":"conversion-pastoral-08-de-12-homilias","status":"publish","type":"post","link":"https:\/\/fraynelson.com\/blog\/2014\/01\/10\/conversion-pastoral-08-de-12-homilias\/","title":{"rendered":"Conversi\u00f3n Pastoral, 08 de 12, Homil\u00edas"},"content":{"rendered":"<p>[<em>Retiro espiritual para sacerdotes de la Di\u00f3cesis de Yopal, en Colombia; Enero de 2014<\/em>.]<\/p>\n<p><strong>Tema 8 de 12: Homil\u00edas<\/strong><\/p>\n<p>* Reflexi\u00f3n a partir de algunos textos de <em>Evangelii Gaudium<\/em>, tomados de los siguientes numeros:<\/p>\n<p>135. La homil\u00eda es la piedra de toque para evaluar la cercan\u00eda y la capacidad de encuentro de un Pastor con su pueblo.<\/p>\n<p>136. Renovemos nuestra confianza en la predicaci\u00f3n, que se funda en la convicci\u00f3n de que es Dios quien quiere llegar a los dem\u00e1s a trav\u00e9s del predicador y de que \u00c9l despliega su poder a trav\u00e9s de la palabra humana.<\/p>\n<p>137. Hay una valoraci\u00f3n especial de la homil\u00eda que proviene de su contexto eucar\u00edstico, que supera a toda catequesis por ser el momento m\u00e1s alto del di\u00e1logo entre Dios y su pueblo, antes de la comuni\u00f3n sacramental.<\/p>\n<p>138. La homil\u00eda no puede ser un espect\u00e1culo entretenido, no responde a la l\u00f3gica de los recursos medi\u00e1ticos, pero debe darle el fervor y el sentido a la celebraci\u00f3n. Es un g\u00e9nero peculiar, ya que se trata de una predicaci\u00f3n dentro del marco de una celebraci\u00f3n lit\u00fargica; por consiguiente, debe ser breve y evitar parecerse a una charla o una clase.<\/p>\n<p>Este mismo contexto exige que la predicaci\u00f3n oriente a la asamblea, y tambi\u00e9n al predicador, a una comuni\u00f3n con Cristo en la Eucarist\u00eda que transforme la vida. Esto reclama que la palabra del predicador no ocupe un lugar excesivo, de manera que el Se\u00f1or brille m\u00e1s que el ministro.<\/p>\n<p>141. Uno se admira de los recursos que ten\u00eda el Se\u00f1or para dialogar con su pueblo, para revelar su misterio a todos, para cautivar a gente com\u00fan con ense\u00f1anzas tan elevadas y de tanta exigencia. Creo que el secreto se esconde en esa mirada de Jes\u00fas hacia el pueblo, m\u00e1s all\u00e1 de sus debilidades y ca\u00eddas.<\/p>\n<div class=\"powerpress_player\" id=\"powerpress_player_7192\"><audio class=\"wp-audio-shortcode\" id=\"audio-24937-1\" preload=\"none\" style=\"width: 100%;\" controls=\"controls\"><source type=\"audio\/mpeg\" src=\"http:\/\/fraynelson.com\/conferencias\/vida_consagrada\/conversion_pastoral_08_de_12_la_homilia.mp3?_=1\" \/><a href=\"http:\/\/fraynelson.com\/conferencias\/vida_consagrada\/conversion_pastoral_08_de_12_la_homilia.mp3\">http:\/\/fraynelson.com\/conferencias\/vida_consagrada\/conversion_pastoral_08_de_12_la_homilia.mp3<\/a><\/audio><\/div>\n","protected":false},"excerpt":{"rendered":"<p>[Retiro espiritual para sacerdotes de la Di\u00f3cesis de Yopal, en Colombia; Enero de 2014.] Tema 8 de 12: Homil\u00edas * Reflexi\u00f3n a partir de algunos textos de Evangelii Gaudium, tomados de los siguientes numeros: 135. La homil\u00eda es la piedra de toque para evaluar la cercan\u00eda y la capacidad de encuentro de un Pastor con &hellip; <\/p>\n<p class=\"link-more\"><a href=\"https:\/\/fraynelson.com\/blog\/2014\/01\/10\/conversion-pastoral-08-de-12-homilias\/\" class=\"more-link\">Continuar leyendo<span class=\"screen-reader-text\"> &#8220;Conversi\u00f3n Pastoral, 08 de 12, Homil\u00edas&#8221;<\/span><\/a><\/p>\n","protected":false},"author":1138,"featured_media":0,"comment_status":"closed","ping_status":"closed","sticky":false,"template":"","format":"standard","meta":{"footnotes":""},"categories":[291,1140,42],"tags":[],"class_list":["post-24937","post","type-post","status-publish","format-standard","hentry","category-audio","category-conversion-pastoral","category-sacerdotes-y-vocaciones"],"jetpack_featured_media_url":"","_links":{"self":[{"href":"https:\/\/fraynelson.com\/blog\/wp-json\/wp\/v2\/posts\/24937","targetHints":{"allow":["GET"]}}],"collection":[{"href":"https:\/\/fraynelson.com\/blog\/wp-json\/wp\/v2\/posts"}],"about":[{"href":"https:\/\/fraynelson.com\/blog\/wp-json\/wp\/v2\/types\/post"}],"author":[{"embeddable":true,"href":"https:\/\/fraynelson.com\/blog\/wp-json\/wp\/v2\/users\/1138"}],"replies":[{"embeddable":true,"href":"https:\/\/fraynelson.com\/blog\/wp-json\/wp\/v2\/comments?post=24937"}],"version-history":[{"count":4,"href":"https:\/\/fraynelson.com\/blog\/wp-json\/wp\/v2\/posts\/24937\/revisions"}],"predecessor-version":[{"id":24944,"href":"https:\/\/fraynelson.com\/blog\/wp-json\/wp\/v2\/posts\/24937\/revisions\/24944"}],"wp:attachment":[{"href":"https:\/\/fraynelson.com\/blog\/wp-json\/wp\/v2\/media?parent=24937"}],"wp:term":[{"taxonomy":"category","embeddable":true,"href":"https:\/\/fraynelson.com\/blog\/wp-json\/wp\/v2\/categories?post=24937"},{"taxonomy":"post_tag","embeddable":true,"href":"https:\/\/fraynelson.com\/blog\/wp-json\/wp\/v2\/tags?post=24937"}],"curies":[{"name":"wp","href":"https:\/\/api.w.org\/{rel}","templated":true}]}}