{"id":24880,"date":"2014-01-07T21:41:19","date_gmt":"2014-01-08T02:41:19","guid":{"rendered":"http:\/\/fraynelson.com\/blog\/?p=24880"},"modified":"2014-01-07T21:41:19","modified_gmt":"2014-01-08T02:41:19","slug":"conversion-pastoral-03-de-12-caricaturas-sobre-benedicto-y-francisco","status":"publish","type":"post","link":"https:\/\/fraynelson.com\/blog\/2014\/01\/07\/conversion-pastoral-03-de-12-caricaturas-sobre-benedicto-y-francisco\/","title":{"rendered":"Conversi\u00f3n Pastoral, 03 de 12, Caricaturas sobre Benedicto y Francisco"},"content":{"rendered":"<p>[<em>Retiro espiritual para sacerdotes de la Di\u00f3cesis de Yopal, en Colombia; Enero de 2014<\/em>.]<\/p>\n<p><strong>Tema 3 de 12: Caricaturas sobre Benedicto XVI y Francisco<\/strong><\/p>\n<p>* La lectura de signos de los tiempos no es una acumulaci\u00f3n de datos: es traer a nuestro coraz\u00f3n y pensamiento lo que viven nuestros hermanos; de modo eminente esta &#8220;lectura&#8221; la realizan nuestros obispos.<\/p>\n<p>* Hay caricaturas que pretenden disminuir, calumniar o despreciar a Benedicto mientras exaltan a Francisco; se valen de mitos como:<br \/>\n+ Habr\u00eda una corrupci\u00f3n total en la curia vaticana.<br \/>\n+ Benedicto ser\u00eda adicto a la pompa y lujo.<br \/>\n+ Francisco es puro evangelio; lo que hubo antes de \u00e9l, pura mundanidad.<\/p>\n<p>* Otras caricaturas exaltan con nostalgia a Benedicto, como si Francisco fuera a destruir la doctrina y acabar con la Iglesia.<\/p>\n<p>* Las grandes preocupaciones de Benedicto: subjetivismo y relativismo; armon\u00eda superior entre raz\u00f3n y fe; tienen eco en Francisco, pero de otro modo, seg\u00fan examinaremos. [M\u00e1s de la relaci\u00f3n entre estos Papas <a href=\"http:\/\/is.gd\/zamora2013\">aqu\u00ed<\/a>.]<\/p>\n<div class=\"powerpress_player\" id=\"powerpress_player_312\"><audio class=\"wp-audio-shortcode\" id=\"audio-24880-1\" preload=\"none\" style=\"width: 100%;\" controls=\"controls\"><source type=\"audio\/mpeg\" src=\"http:\/\/fraynelson.com\/conferencias\/vida_consagrada\/conversion_pastoral_03_de_12_benedicto_y_francisco.mp3?_=1\" \/><a href=\"http:\/\/fraynelson.com\/conferencias\/vida_consagrada\/conversion_pastoral_03_de_12_benedicto_y_francisco.mp3\">http:\/\/fraynelson.com\/conferencias\/vida_consagrada\/conversion_pastoral_03_de_12_benedicto_y_francisco.mp3<\/a><\/audio><\/div>\n","protected":false},"excerpt":{"rendered":"<p>[Retiro espiritual para sacerdotes de la Di\u00f3cesis de Yopal, en Colombia; Enero de 2014.] Tema 3 de 12: Caricaturas sobre Benedicto XVI y Francisco * La lectura de signos de los tiempos no es una acumulaci\u00f3n de datos: es traer a nuestro coraz\u00f3n y pensamiento lo que viven nuestros hermanos; de modo eminente esta &#8220;lectura&#8221; &hellip; <\/p>\n<p class=\"link-more\"><a href=\"https:\/\/fraynelson.com\/blog\/2014\/01\/07\/conversion-pastoral-03-de-12-caricaturas-sobre-benedicto-y-francisco\/\" class=\"more-link\">Continuar leyendo<span class=\"screen-reader-text\"> &#8220;Conversi\u00f3n Pastoral, 03 de 12, Caricaturas sobre Benedicto y Francisco&#8221;<\/span><\/a><\/p>\n","protected":false},"author":1138,"featured_media":0,"comment_status":"closed","ping_status":"closed","sticky":false,"template":"","format":"standard","meta":{"footnotes":""},"categories":[291,572,1140,1063],"tags":[],"class_list":["post-24880","post","type-post","status-publish","format-standard","hentry","category-audio","category-benedicto_xvi","category-conversion-pastoral","category-papa-francisco"],"jetpack_featured_media_url":"","_links":{"self":[{"href":"https:\/\/fraynelson.com\/blog\/wp-json\/wp\/v2\/posts\/24880","targetHints":{"allow":["GET"]}}],"collection":[{"href":"https:\/\/fraynelson.com\/blog\/wp-json\/wp\/v2\/posts"}],"about":[{"href":"https:\/\/fraynelson.com\/blog\/wp-json\/wp\/v2\/types\/post"}],"author":[{"embeddable":true,"href":"https:\/\/fraynelson.com\/blog\/wp-json\/wp\/v2\/users\/1138"}],"replies":[{"embeddable":true,"href":"https:\/\/fraynelson.com\/blog\/wp-json\/wp\/v2\/comments?post=24880"}],"version-history":[{"count":2,"href":"https:\/\/fraynelson.com\/blog\/wp-json\/wp\/v2\/posts\/24880\/revisions"}],"predecessor-version":[{"id":24887,"href":"https:\/\/fraynelson.com\/blog\/wp-json\/wp\/v2\/posts\/24880\/revisions\/24887"}],"wp:attachment":[{"href":"https:\/\/fraynelson.com\/blog\/wp-json\/wp\/v2\/media?parent=24880"}],"wp:term":[{"taxonomy":"category","embeddable":true,"href":"https:\/\/fraynelson.com\/blog\/wp-json\/wp\/v2\/categories?post=24880"},{"taxonomy":"post_tag","embeddable":true,"href":"https:\/\/fraynelson.com\/blog\/wp-json\/wp\/v2\/tags?post=24880"}],"curies":[{"name":"wp","href":"https:\/\/api.w.org\/{rel}","templated":true}]}}