{"id":24878,"date":"2014-01-07T21:33:19","date_gmt":"2014-01-08T02:33:19","guid":{"rendered":"http:\/\/fraynelson.com\/blog\/?p=24878"},"modified":"2014-01-07T21:33:19","modified_gmt":"2014-01-08T02:33:19","slug":"conversion-pastoral-02-de-12-pablo-vi-y-juan-pablo-ii","status":"publish","type":"post","link":"https:\/\/fraynelson.com\/blog\/2014\/01\/07\/conversion-pastoral-02-de-12-pablo-vi-y-juan-pablo-ii\/","title":{"rendered":"Conversi\u00f3n Pastoral, 02 de 12, Pablo VI y Juan Pablo II"},"content":{"rendered":"<p>[<em>Retiro espiritual para sacerdotes de la Di\u00f3cesis de Yopal, en Colombia; Enero de 2014<\/em>.]<\/p>\n<p><strong>Tema 2 de 12: Leyendo signos de los tiempos<\/strong><\/p>\n<p>* Pablo VI<br \/>\n+ Extremismos del postconcilio: progresismo y tradicionalismo<br \/>\n+ B\u00fasqueda de una relaci\u00f3n constructiva Iglesia &#8211; Mundo<br \/>\n+ Relanzamiento de la alegr\u00eda.<\/p>\n<p>* Juan Pablo II<br \/>\n+ Denuncia de un humanismo sin Dios<br \/>\n+ Aporte prof\u00e9tico sobre la teolog\u00eda del cuerpo<\/p>\n<div class=\"powerpress_player\" id=\"powerpress_player_3195\"><audio class=\"wp-audio-shortcode\" id=\"audio-24878-1\" preload=\"none\" style=\"width: 100%;\" controls=\"controls\"><source type=\"audio\/mpeg\" src=\"http:\/\/fraynelson.com\/conferencias\/vida_consagrada\/conversion_pastoral_02_de_12_pablo_vi_y_juan_pablo_ii.mp3?_=1\" \/><a href=\"http:\/\/fraynelson.com\/conferencias\/vida_consagrada\/conversion_pastoral_02_de_12_pablo_vi_y_juan_pablo_ii.mp3\">http:\/\/fraynelson.com\/conferencias\/vida_consagrada\/conversion_pastoral_02_de_12_pablo_vi_y_juan_pablo_ii.mp3<\/a><\/audio><\/div>\n","protected":false},"excerpt":{"rendered":"<p>[Retiro espiritual para sacerdotes de la Di\u00f3cesis de Yopal, en Colombia; Enero de 2014.] Tema 2 de 12: Leyendo signos de los tiempos * Pablo VI + Extremismos del postconcilio: progresismo y tradicionalismo + B\u00fasqueda de una relaci\u00f3n constructiva Iglesia &#8211; Mundo + Relanzamiento de la alegr\u00eda. * Juan Pablo II + Denuncia de un &hellip; <\/p>\n<p class=\"link-more\"><a href=\"https:\/\/fraynelson.com\/blog\/2014\/01\/07\/conversion-pastoral-02-de-12-pablo-vi-y-juan-pablo-ii\/\" class=\"more-link\">Continuar leyendo<span class=\"screen-reader-text\"> &#8220;Conversi\u00f3n Pastoral, 02 de 12, Pablo VI y Juan Pablo II&#8221;<\/span><\/a><\/p>\n","protected":false},"author":1138,"featured_media":0,"comment_status":"closed","ping_status":"closed","sticky":false,"template":"","format":"standard","meta":{"footnotes":""},"categories":[291,1140,672,713,962],"tags":[],"class_list":["post-24878","post","type-post","status-publish","format-standard","hentry","category-audio","category-conversion-pastoral","category-historia_de_la_iglesia","category-juan-pablo-ii","category-pablo-vi"],"jetpack_featured_media_url":"","_links":{"self":[{"href":"https:\/\/fraynelson.com\/blog\/wp-json\/wp\/v2\/posts\/24878","targetHints":{"allow":["GET"]}}],"collection":[{"href":"https:\/\/fraynelson.com\/blog\/wp-json\/wp\/v2\/posts"}],"about":[{"href":"https:\/\/fraynelson.com\/blog\/wp-json\/wp\/v2\/types\/post"}],"author":[{"embeddable":true,"href":"https:\/\/fraynelson.com\/blog\/wp-json\/wp\/v2\/users\/1138"}],"replies":[{"embeddable":true,"href":"https:\/\/fraynelson.com\/blog\/wp-json\/wp\/v2\/comments?post=24878"}],"version-history":[{"count":2,"href":"https:\/\/fraynelson.com\/blog\/wp-json\/wp\/v2\/posts\/24878\/revisions"}],"predecessor-version":[{"id":24886,"href":"https:\/\/fraynelson.com\/blog\/wp-json\/wp\/v2\/posts\/24878\/revisions\/24886"}],"wp:attachment":[{"href":"https:\/\/fraynelson.com\/blog\/wp-json\/wp\/v2\/media?parent=24878"}],"wp:term":[{"taxonomy":"category","embeddable":true,"href":"https:\/\/fraynelson.com\/blog\/wp-json\/wp\/v2\/categories?post=24878"},{"taxonomy":"post_tag","embeddable":true,"href":"https:\/\/fraynelson.com\/blog\/wp-json\/wp\/v2\/tags?post=24878"}],"curies":[{"name":"wp","href":"https:\/\/api.w.org\/{rel}","templated":true}]}}