{"id":24827,"date":"2014-01-10T13:00:22","date_gmt":"2014-01-10T18:00:22","guid":{"rendered":"http:\/\/fraynelson.com\/blog\/?p=24827"},"modified":"2014-01-06T14:01:50","modified_gmt":"2014-01-06T19:01:50","slug":"la-gracia-del-domingo-12-de-enero-de-2014","status":"publish","type":"post","link":"https:\/\/fraynelson.com\/blog\/2014\/01\/10\/la-gracia-del-domingo-12-de-enero-de-2014\/","title":{"rendered":"LA GRACIA del Domingo 12 de Enero de 2014"},"content":{"rendered":"<p>FIESTA DEL BAUTISMO DEL SE\u00d1OR, CICLO A<\/p>\n<p>El ministerio de Cristo est\u00e1 se\u00f1alado por la fortaleza interior y la compasi\u00f3n exterior.<\/p>\n<div class=\"powerpress_player\" id=\"powerpress_player_8163\"><audio class=\"wp-audio-shortcode\" id=\"audio-24827-1\" preload=\"none\" style=\"width: 100%;\" controls=\"controls\"><source type=\"audio\/mpeg\" src=\"http:\/\/fraynelson.com\/homilias_mp3\/20140112.mp3?_=1\" \/><a href=\"http:\/\/fraynelson.com\/homilias_mp3\/20140112.mp3\">http:\/\/fraynelson.com\/homilias_mp3\/20140112.mp3<\/a><\/audio><\/div>\n<p><iframe loading=\"lazy\" title=\"LA GRACIA del Domingo 12 de Enero de 2014\" width=\"525\" height=\"295\" src=\"https:\/\/www.youtube.com\/embed\/T_2HUchKYs0?feature=oembed\" frameborder=\"0\" allow=\"accelerometer; autoplay; clipboard-write; encrypted-media; gyroscope; picture-in-picture; web-share\" referrerpolicy=\"strict-origin-when-cross-origin\" allowfullscreen><\/iframe><\/p>\n<p>[REPRODUCCI\u00d3N PERMITIDA &#8211; Ay\u00fadanos a divulgar este archivo de audio en las redes sociales, blogs, emisoras de radio, y otros medios.]<\/p>\n","protected":false},"excerpt":{"rendered":"<p>FIESTA DEL BAUTISMO DEL SE\u00d1OR, CICLO A El ministerio de Cristo est\u00e1 se\u00f1alado por la fortaleza interior y la compasi\u00f3n exterior. [REPRODUCCI\u00d3N PERMITIDA &#8211; Ay\u00fadanos a divulgar este archivo de audio en las redes sociales, blogs, emisoras de radio, y otros medios.]<\/p>\n","protected":false},"author":1138,"featured_media":0,"comment_status":"closed","ping_status":"closed","sticky":false,"template":"","format":"standard","meta":{"footnotes":""},"categories":[291,307,317,841,302],"tags":[],"class_list":["post-24827","post","type-post","status-publish","format-standard","hentry","category-audio","category-homilias","category-jesucristo","category-micro-homilias","category-video"],"jetpack_featured_media_url":"","_links":{"self":[{"href":"https:\/\/fraynelson.com\/blog\/wp-json\/wp\/v2\/posts\/24827","targetHints":{"allow":["GET"]}}],"collection":[{"href":"https:\/\/fraynelson.com\/blog\/wp-json\/wp\/v2\/posts"}],"about":[{"href":"https:\/\/fraynelson.com\/blog\/wp-json\/wp\/v2\/types\/post"}],"author":[{"embeddable":true,"href":"https:\/\/fraynelson.com\/blog\/wp-json\/wp\/v2\/users\/1138"}],"replies":[{"embeddable":true,"href":"https:\/\/fraynelson.com\/blog\/wp-json\/wp\/v2\/comments?post=24827"}],"version-history":[{"count":3,"href":"https:\/\/fraynelson.com\/blog\/wp-json\/wp\/v2\/posts\/24827\/revisions"}],"predecessor-version":[{"id":24850,"href":"https:\/\/fraynelson.com\/blog\/wp-json\/wp\/v2\/posts\/24827\/revisions\/24850"}],"wp:attachment":[{"href":"https:\/\/fraynelson.com\/blog\/wp-json\/wp\/v2\/media?parent=24827"}],"wp:term":[{"taxonomy":"category","embeddable":true,"href":"https:\/\/fraynelson.com\/blog\/wp-json\/wp\/v2\/categories?post=24827"},{"taxonomy":"post_tag","embeddable":true,"href":"https:\/\/fraynelson.com\/blog\/wp-json\/wp\/v2\/tags?post=24827"}],"curies":[{"name":"wp","href":"https:\/\/api.w.org\/{rel}","templated":true}]}}