{"id":24667,"date":"2013-12-31T09:15:49","date_gmt":"2013-12-31T14:15:49","guid":{"rendered":"http:\/\/fraynelson.com\/blog\/?p=24667"},"modified":"2013-12-30T17:21:07","modified_gmt":"2013-12-30T22:21:07","slug":"visperas-del-martes-31-de-diciembre-de-2013","status":"publish","type":"post","link":"https:\/\/fraynelson.com\/blog\/2013\/12\/31\/visperas-del-martes-31-de-diciembre-de-2013\/","title":{"rendered":"V\u00cdSPERAS del Martes 31 de Diciembre de 2013"},"content":{"rendered":"<p>Primeras #V\u00edsperasFrayNelson para la <strong>Solemnidad de Santa Mar\u00eda, Madre de Dios<\/strong><\/p>\n<div class=\"powerpress_player\" id=\"powerpress_player_7061\"><audio class=\"wp-audio-shortcode\" id=\"audio-24667-1\" preload=\"none\" style=\"width: 100%;\" controls=\"controls\"><source type=\"audio\/mpeg\" src=\"http:\/\/fraynelson.com\/conferencias\/oracion\/smamu.mp3?_=1\" \/><a href=\"http:\/\/fraynelson.com\/conferencias\/oracion\/smamu.mp3\">http:\/\/fraynelson.com\/conferencias\/oracion\/smamu.mp3<\/a><\/audio><\/div>\n<p>[REPRODUCCI\u00d3N PERMITIDA &#8211; Ay\u00fadanos a divulgar este camino de oraci\u00f3n en las redes sociales, blogs, emisoras de radio, y otros medios.]<\/p>\n","protected":false},"excerpt":{"rendered":"<p>Primeras #V\u00edsperasFrayNelson para la Solemnidad de Santa Mar\u00eda, Madre de Dios [REPRODUCCI\u00d3N PERMITIDA &#8211; Ay\u00fadanos a divulgar este camino de oraci\u00f3n en las redes sociales, blogs, emisoras de radio, y otros medios.]<\/p>\n","protected":false},"author":1138,"featured_media":0,"comment_status":"closed","ping_status":"closed","sticky":false,"template":"","format":"standard","meta":{"footnotes":""},"categories":[291,413,278,1097],"tags":[],"class_list":["post-24667","post","type-post","status-publish","format-standard","hentry","category-audio","category-oracion","category-santa-virgen-maria","category-visperas"],"jetpack_featured_media_url":"","_links":{"self":[{"href":"https:\/\/fraynelson.com\/blog\/wp-json\/wp\/v2\/posts\/24667","targetHints":{"allow":["GET"]}}],"collection":[{"href":"https:\/\/fraynelson.com\/blog\/wp-json\/wp\/v2\/posts"}],"about":[{"href":"https:\/\/fraynelson.com\/blog\/wp-json\/wp\/v2\/types\/post"}],"author":[{"embeddable":true,"href":"https:\/\/fraynelson.com\/blog\/wp-json\/wp\/v2\/users\/1138"}],"replies":[{"embeddable":true,"href":"https:\/\/fraynelson.com\/blog\/wp-json\/wp\/v2\/comments?post=24667"}],"version-history":[{"count":3,"href":"https:\/\/fraynelson.com\/blog\/wp-json\/wp\/v2\/posts\/24667\/revisions"}],"predecessor-version":[{"id":24675,"href":"https:\/\/fraynelson.com\/blog\/wp-json\/wp\/v2\/posts\/24667\/revisions\/24675"}],"wp:attachment":[{"href":"https:\/\/fraynelson.com\/blog\/wp-json\/wp\/v2\/media?parent=24667"}],"wp:term":[{"taxonomy":"category","embeddable":true,"href":"https:\/\/fraynelson.com\/blog\/wp-json\/wp\/v2\/categories?post=24667"},{"taxonomy":"post_tag","embeddable":true,"href":"https:\/\/fraynelson.com\/blog\/wp-json\/wp\/v2\/tags?post=24667"}],"curies":[{"name":"wp","href":"https:\/\/api.w.org\/{rel}","templated":true}]}}