{"id":24088,"date":"2013-12-04T10:00:46","date_gmt":"2013-12-04T15:00:46","guid":{"rendered":"http:\/\/fraynelson.com\/blog\/?p=24088"},"modified":"2013-12-04T01:12:26","modified_gmt":"2013-12-04T06:12:26","slug":"visperas-del-miercoles-4-de-diciembre-de-2013","status":"publish","type":"post","link":"https:\/\/fraynelson.com\/blog\/2013\/12\/04\/visperas-del-miercoles-4-de-diciembre-de-2013\/","title":{"rendered":"V\u00cdSPERAS del Mi\u00e9rcoles 4 de Diciembre de 2013"},"content":{"rendered":"<p>#V\u00edsperasFrayNelson para el <strong>Mi\u00e9rcoles I de Adviento<\/strong><\/p>\n<div class=\"powerpress_player\" id=\"powerpress_player_3587\"><audio class=\"wp-audio-shortcode\" id=\"audio-24088-1\" preload=\"none\" style=\"width: 100%;\" controls=\"controls\"><source type=\"audio\/mpeg\" src=\"http:\/\/fraynelson.com\/conferencias\/oracion\/v013v.mp3?_=1\" \/><a href=\"http:\/\/fraynelson.com\/conferencias\/oracion\/v013v.mp3\">http:\/\/fraynelson.com\/conferencias\/oracion\/v013v.mp3<\/a><\/audio><\/div>\n<p>[REPRODUCCI\u00d3N PERMITIDA &#8211; Ay\u00fadanos a divulgar este camino de oraci\u00f3n en las redes sociales, blogs, emisoras de radio, y otros medios.]<\/p>\n","protected":false},"excerpt":{"rendered":"<p>#V\u00edsperasFrayNelson para el Mi\u00e9rcoles I de Adviento [REPRODUCCI\u00d3N PERMITIDA &#8211; Ay\u00fadanos a divulgar este camino de oraci\u00f3n en las redes sociales, blogs, emisoras de radio, y otros medios.]<\/p>\n","protected":false},"author":1138,"featured_media":0,"comment_status":"closed","ping_status":"closed","sticky":false,"template":"","format":"standard","meta":{"footnotes":""},"categories":[291,413,1097],"tags":[],"class_list":["post-24088","post","type-post","status-publish","format-standard","hentry","category-audio","category-oracion","category-visperas"],"jetpack_featured_media_url":"","_links":{"self":[{"href":"https:\/\/fraynelson.com\/blog\/wp-json\/wp\/v2\/posts\/24088","targetHints":{"allow":["GET"]}}],"collection":[{"href":"https:\/\/fraynelson.com\/blog\/wp-json\/wp\/v2\/posts"}],"about":[{"href":"https:\/\/fraynelson.com\/blog\/wp-json\/wp\/v2\/types\/post"}],"author":[{"embeddable":true,"href":"https:\/\/fraynelson.com\/blog\/wp-json\/wp\/v2\/users\/1138"}],"replies":[{"embeddable":true,"href":"https:\/\/fraynelson.com\/blog\/wp-json\/wp\/v2\/comments?post=24088"}],"version-history":[{"count":2,"href":"https:\/\/fraynelson.com\/blog\/wp-json\/wp\/v2\/posts\/24088\/revisions"}],"predecessor-version":[{"id":24100,"href":"https:\/\/fraynelson.com\/blog\/wp-json\/wp\/v2\/posts\/24088\/revisions\/24100"}],"wp:attachment":[{"href":"https:\/\/fraynelson.com\/blog\/wp-json\/wp\/v2\/media?parent=24088"}],"wp:term":[{"taxonomy":"category","embeddable":true,"href":"https:\/\/fraynelson.com\/blog\/wp-json\/wp\/v2\/categories?post=24088"},{"taxonomy":"post_tag","embeddable":true,"href":"https:\/\/fraynelson.com\/blog\/wp-json\/wp\/v2\/tags?post=24088"}],"curies":[{"name":"wp","href":"https:\/\/api.w.org\/{rel}","templated":true}]}}