{"id":2401,"date":"2008-04-28T01:49:06","date_gmt":"2008-04-28T07:49:06","guid":{"rendered":"http:\/\/fraynelson.com\/blog\/?p=2401"},"modified":"2008-04-28T01:49:06","modified_gmt":"2008-04-28T07:49:06","slug":"un-curso-sobre-la-eucaristia","status":"publish","type":"post","link":"https:\/\/fraynelson.com\/blog\/2008\/04\/28\/un-curso-sobre-la-eucaristia\/","title":{"rendered":"Un Curso sobre la Eucarist\u00eda"},"content":{"rendered":"<p><img decoding=\"async\" src=\"http:\/\/fraynelson.com\/banco_imagenes\/eucaristia1.jpg\" alt=\"\" title=\"\" width=\"200\" hspace=\"10\" \/><\/p>\n<p>Comparto aqu\u00ed un <b>Curso sobre el Sacramento de la Eucarist\u00eda<\/b> que fue ofrecido a los frailes estudiantes dominicos en Abril de 2008. Consta de 10 grabaciones, incluyendo un ap\u00e9ndice. Cada archivo en MP3 contiene dos temas en un tiempo de 60 a 75 minutos. Se permite expresamente la reproducci\u00f3n privada o p\u00fablica citando la fuente. Los enlaces a los archivos de audio son los de cada t\u00edtulo. \u00a1Sea para gloria de Dios y mayor amor al <i>Sacramento Admirable<\/i>!<\/p>\n<p>Secci\u00f3n 1 de 4: <b>Proped\u00e9utica Eucar\u00edstica<\/b>.<br \/>\n<a href=\"http:\/\/fraynelson.com\/predicacion\/2008\/04\/el-sacramento-de-la-eucarista-1-de-8.html\"><br \/>\nEl Sacramento de la Eucarist\u00eda (1)<\/a><\/p>\n<p>Los temas 1 y 2 muestran las dificultades que el <i>Gnosticismo <\/i>y el <i>Esencialismo <\/i>traen para la recta comprensi\u00f3n y vivencia del Sacramento por excelencia.<\/p>\n<p><a href=\"http:\/\/fraynelson.com\/predicacion\/2008\/04\/el-sacramento-de-la-eucarista-2-de-8.html\">El Sacramento de la Eucarist\u00eda (2)<\/a><\/p>\n<p>Los temas 3 y 4 muestran las dificultades que el Subjetivismo &#8211; <i>Relativismo <\/i>y el <i>Cientificismo &#8211; Modernismo<\/i> traen para la recta comprensi\u00f3n y vivencia del Sacramento por excelencia.<\/p>\n<p>Secci\u00f3n 2 de 4: <b>Fuentes del Sacramento en la Sagrada Escritura<\/b>. <\/p>\n<p><a href=\"http:\/\/fraynelson.com\/predicacion\/2008\/04\/el-sacramento-de-la-eucarista-3-de-8.html\">El Sacramento de la Eucarist\u00eda (3)<\/a><\/p>\n<p>Los temas 5 y 6 abordan la <i>Liberaci\u00f3n <\/i>y la <i>Alianza <\/i>como claves de comprensi\u00f3n de la Cena Pascual seg\u00fan el \u00c9xodo. Al principio se ofrece una introducci\u00f3n sobre los sentidos literal y espiritual de la Biblia.<\/p>\n<p><a href=\"http:\/\/fraynelson.com\/predicacion\/2008\/04\/el-sacramento-de-la-eucarista-4.html\">El Sacramento de la Eucarist\u00eda (4)<\/a><\/p>\n<p>Los temas 7 y 8 exponen el lugar de la Eucarist\u00eda en el conjunto del Nuevo Testamento, es decir, su conexi\u00f3n con la <i>Hora de Jes\u00fas<\/i>, con la <i>Alianza &#8211; Pascua<\/i>, con el binomio <i>Ley &#8211; Gracia<\/i>, y con la superaci\u00f3n del culto del templo, es decir, una mirada a <i>Cristo, Sumo Sacerdote<\/i>.<\/p>\n<p>Secci\u00f3n 3 de 4: <b>Elaboraci\u00f3n Teol\u00f3gica<\/b>. <\/p>\n<p><a href=\"http:\/\/fraynelson.com\/predicacion\/2008\/04\/el-sacramento-de-la-eucarista-5.html\">El Sacramento de la Eucarist\u00eda (5)<\/a><\/p>\n<p>Los temas 9 y 10 presentan testimonios significativos del lugar y modo de celebraci\u00f3n de la Eucarist\u00eda en la Antig\u00fcedad cristiana, desde la <i>Didaj\u00e9 <\/i>hasta <i>San Ambrosio de Mil\u00e1n<\/i>. Se hace especial \u00e9nfasis en el contraste entre la conciencia cristiana de la realidad de la carne de Cristo, por un lado, y la multitud de corrientes gn\u00f3sticas, por el otro. La Eucarist\u00eda se convierte en criterio de pertenencia y punta de lanza en la lucha por preservar la verdadera fe.<\/p>\n<p><a href=\"http:\/\/fraynelson.com\/predicacion\/2008\/04\/el-sacramento-de-la-eucarista-6.html\">El Sacramento de la Eucarist\u00eda (6)<\/a><\/p>\n<p>Los temas 11 y 12 presentan en breve esquema la teolog\u00eda eucar\u00edstica de <i>San Agust\u00edn<\/i> y luego la de <i>Santo Tom\u00e1s de Aquino<\/i>. El diferente \u00e9nfasis que cada uno de ellos hace sirve de indicaci\u00f3n sobre el camino recorrido en la elaboraci\u00f3n sistem\u00e1tica de este tratado y tambi\u00e9n de pista sobre algunas de las exageraciones que todav\u00eda hoy nos afectan.<\/p>\n<p>Secci\u00f3n 4 de 4: <b>Aspectos Lit\u00fargicos y Pastorales<\/b>. <\/p>\n<p><a href=\"http:\/\/fraynelson.com\/predicacion\/2008\/04\/el-sacramento-de-la-eucarista-7.html\">El Sacramento de la Eucarist\u00eda (7)<\/a><\/p>\n<p>Los temas 13 y 14 presentan <i>criterios generales<\/i> para una praxis y, m\u00e1s a\u00fan, vida eucar\u00edstica de los sacerdotes, y luego algunos elementos del necesario <i>balance <\/i>entre t\u00e9rminos que pueden parecer opuestos pero que en realidad est\u00e1n llamados a complementarse como <i>cena fraterna &#8211; sacrificio<\/i> o <i>devoci\u00f3n personal &#8211; compromiso social<\/i>.<\/p>\n<p>AP\u00c9NDICE: <b>Congreso Eucar\u00edstico<\/b><\/p>\n<p><a href=\"http:\/\/fraynelson.com\/predicacion\/2008\/04\/el-sacramento-de-la-eucarista-8.html\">El Sacramento de la Eucarist\u00eda (8)<\/a><\/p>\n<p>Primera de tres predicaciones: <i>Haced esto en memoria m\u00eda<\/i>.<\/p>\n<p><a href=\"http:\/\/fraynelson.com\/predicacion\/2008\/04\/el-sacramento-de-la-eucarista-9.html\">El Sacramento de la Eucarist\u00eda (9)<\/a><\/p>\n<p>Segunda de tres predicaciones: <i>Mar\u00eda, Mujer Eucar\u00edstica<\/i>.<\/p>\n<p><a href=\"http:\/\/fraynelson.com\/predicacion\/2008\/04\/el-sacramento-de-la-eucarista-10.html\">El Sacramento de la Eucarist\u00eda (10)<\/a><\/p>\n<p>Tercera de tres predicaciones: <i>Eucarist\u00eda, Misterio de Luz<\/i>.<\/p>\n<p><a href=\"http:\/\/fraynelson.com\">Fr. Nelson Medina, O.P.<\/a><\/p>\n","protected":false},"excerpt":{"rendered":"<p>Comparto aqu\u00ed un Curso sobre el Sacramento de la Eucarist\u00eda que fue ofrecido a los frailes estudiantes dominicos en Abril de 2008. Consta de 10 grabaciones, incluyendo un ap\u00e9ndice. Cada archivo en MP3 contiene dos temas en un tiempo de 60 a 75 minutos. Se permite expresamente la reproducci\u00f3n privada o p\u00fablica citando la fuente. &hellip; <\/p>\n<p class=\"link-more\"><a href=\"https:\/\/fraynelson.com\/blog\/2008\/04\/28\/un-curso-sobre-la-eucaristia\/\" class=\"more-link\">Continuar leyendo<span class=\"screen-reader-text\"> &#8220;Un Curso sobre la Eucarist\u00eda&#8221;<\/span><\/a><\/p>\n","protected":false},"author":1138,"featured_media":0,"comment_status":"open","ping_status":"open","sticky":false,"template":"","format":"standard","meta":{"footnotes":""},"categories":[59,291],"tags":[],"class_list":["post-2401","post","type-post","status-publish","format-standard","hentry","category-apuntes-teologicos","category-audio"],"jetpack_featured_media_url":"","_links":{"self":[{"href":"https:\/\/fraynelson.com\/blog\/wp-json\/wp\/v2\/posts\/2401","targetHints":{"allow":["GET"]}}],"collection":[{"href":"https:\/\/fraynelson.com\/blog\/wp-json\/wp\/v2\/posts"}],"about":[{"href":"https:\/\/fraynelson.com\/blog\/wp-json\/wp\/v2\/types\/post"}],"author":[{"embeddable":true,"href":"https:\/\/fraynelson.com\/blog\/wp-json\/wp\/v2\/users\/1138"}],"replies":[{"embeddable":true,"href":"https:\/\/fraynelson.com\/blog\/wp-json\/wp\/v2\/comments?post=2401"}],"version-history":[{"count":0,"href":"https:\/\/fraynelson.com\/blog\/wp-json\/wp\/v2\/posts\/2401\/revisions"}],"wp:attachment":[{"href":"https:\/\/fraynelson.com\/blog\/wp-json\/wp\/v2\/media?parent=2401"}],"wp:term":[{"taxonomy":"category","embeddable":true,"href":"https:\/\/fraynelson.com\/blog\/wp-json\/wp\/v2\/categories?post=2401"},{"taxonomy":"post_tag","embeddable":true,"href":"https:\/\/fraynelson.com\/blog\/wp-json\/wp\/v2\/tags?post=2401"}],"curies":[{"name":"wp","href":"https:\/\/api.w.org\/{rel}","templated":true}]}}