{"id":240,"date":"2005-01-07T01:45:26","date_gmt":"2005-01-07T06:45:26","guid":{"rendered":"1271893024"},"modified":"2005-08-25T18:45:05","modified_gmt":"2005-08-25T18:45:05","slug":"495","status":"publish","type":"post","link":"https:\/\/fraynelson.com\/blog\/2005\/01\/07\/495\/","title":{"rendered":"Hablemos de Colombia"},"content":{"rendered":"<p>La seguridad, el tema que en las encuestas encabeza las preocupaciones de los colombianos ha mejorado notablemente con Alvaro Uribe en la presidencia. Otras cosas no parecen ir realmente a mejor, y en ese sentido preocupa que un solo punto de la agenda se lleve toda la atenci\u00f3n, las c\u00e1maras y los aplausos.<\/p>\n<p><!--more--><\/p>\n<p>A este respecto he recibido un interesante aporte de un &#8220;Amigo en la Fe&#8221;, <strong>Jorge Mart\u00ednez S.<\/strong>, y con su autorizaci\u00f3n lo transcribo.<\/p>\n<p>*****<\/p>\n<p>Hoy acabo de escuchar por radio la noticia de que la Bolsa de Colombia, declar\u00f3 utilidades de m\u00e1s de 15 billones de pesos. Y, la prensa de hace tres semanas, inform\u00f3 que las utilidades (declaradas) de los bancos privados, fueron de 3 billones. Mientras tanto, los sectores productivos (agropecuarios, industriales, manufactureros, exportadores, etc) no hacen sino declarar p\u00e9rdidas, cierres, despidos&#8230;<\/p>\n<p>Varias veces me he preguntado c\u00f3mo ve\u00eda o qu\u00e9 dijo sobre la econom\u00eda Jes\u00fas. Hace algunos a\u00f1os, precisamente cuando la cr\u00edsis financiera del 99, quise entender qu\u00e9 era lo que pasaba, y le\u00ed lo que podr\u00edamos llamar un &#8220;cl\u00e1sico&#8221; de la econom\u00eda en Colombia, escrito por Hern\u00e1n Echavarr\u00eda Ol\u00f3zaga: &#8220;El sentido com\u00fan en la Econom\u00eda&#8221;. Nunca olvidar\u00e9 lo que all\u00ed dec\u00eda sobre lo que se denominan los &#8220;sectores de la econom\u00eda&#8221;: sector primario (agropecuario y minero), sector secundario (manufacturero e industrial) y sector terciario (servicios, intermediaci\u00f3n comercial y financiera). Y se me grab\u00f3 lo de que esos nombres no solo se refieren a un orden de mera enumeraci\u00f3n textual, sino a un orden real: tanto a un orden de prioridades (seguridad y subsistencia), como a un orden de transformaciones e intercambios. Entonces, releyendo las par\u00e1bolas del Evangelio, del Amo que dej\u00f3 su Hacienda a sus administradores, y, del que di\u00f3 diverso n\u00famero de Talentos a cada siervo: al \u00faltimo -que no produjo nada- con el \u00fanico talento que recibi\u00f3, le dijo: por lo menos lo hubieras llevado al banco, para ahora devolv\u00e9rmelo con intereses. Es decir, &#8220;si con lo que les doy no van a producir nada, al menos, p\u00f3nganlo en un banco&#8221;.<\/p>\n<p>Tambi\u00e9n en las par\u00e1bolas de JesuCristo, la actividad de producci\u00f3n es prioritaria frente a la de intermediaci\u00f3n.<\/p>\n<p>La banca viene despu\u00e9s de los sectores productivos. Pero de esa evangelizaci\u00f3n de las finanzas no se habla en Colombia.<\/p>\n<p>En el gobierno anterior, se gastaron de nuestros impuestos m\u00e1s de 10 billones para &#8220;salvar&#8221; una docena de bancos, privados y con \u00e1nimo de lucro. Adem\u00e1s crearon impuestos nuevos, diciendo que eran transitorios, empezando por un 1 por mil de las transacciones bancarias personales, y luego lo triplicaron y lo dejaron permanente.<\/p>\n<p>En contraste, en los \u00faltimos dos a\u00f1os se han cerrado docenas de hospitales, p\u00fablicos, y ahora no veo que ning\u00fan porcentaje de las utilidades (declaradas) de la banca -en los \u00faltimos dos a\u00f1os- sirvan para salvar ning\u00fan hospital, ni que se creen impuestos a las utilidades financieras, para &#8220;salvar&#8221; los hospitales que la poblaci\u00f3n necesita.<\/p>\n<p>Cuando, a lo largo de los a\u00f1os, uno reflexiona sobre todo eso, y, como en mi caso personal soy m\u00e9dico, y al sector salud lo han destrozado, cerrando docenas de hospitales y pauperizando y proletarizando a los profesionales de la salud -conozco especialistas cobrando menos de 10.000 por consulta privada- (mejor estudiar peluquer\u00eda), resulta evidente por qu\u00e9 millones de colombianos han pensado en irse a vivir y trabajar al exterior. Y cientos de miles que -en Colombia- eran &#8220;fracasados&#8221; o desempleados, ahora resulta que en Norte Am\u00e9rica, la UE y Australia son los que env\u00edan, el 50% del PIB del pa\u00eds.<\/p>\n<p>*****<\/p>\n","protected":false},"excerpt":{"rendered":"<p>La seguridad, el tema que en las encuestas encabeza las preocupaciones de los colombianos ha mejorado notablemente con Alvaro Uribe en la presidencia. Otras cosas no parecen ir realmente a mejor, y en ese sentido preocupa que un solo punto de la agenda se lleve toda la atenci\u00f3n, las c\u00e1maras y los aplausos.<\/p>\n","protected":false},"author":1138,"featured_media":0,"comment_status":"open","ping_status":"open","sticky":false,"template":"","format":"standard","meta":{"footnotes":""},"categories":[49],"tags":[],"class_list":["post-240","post","type-post","status-publish","format-standard","hentry","category-latinoamerica-colombia"],"jetpack_featured_media_url":"","_links":{"self":[{"href":"https:\/\/fraynelson.com\/blog\/wp-json\/wp\/v2\/posts\/240","targetHints":{"allow":["GET"]}}],"collection":[{"href":"https:\/\/fraynelson.com\/blog\/wp-json\/wp\/v2\/posts"}],"about":[{"href":"https:\/\/fraynelson.com\/blog\/wp-json\/wp\/v2\/types\/post"}],"author":[{"embeddable":true,"href":"https:\/\/fraynelson.com\/blog\/wp-json\/wp\/v2\/users\/1138"}],"replies":[{"embeddable":true,"href":"https:\/\/fraynelson.com\/blog\/wp-json\/wp\/v2\/comments?post=240"}],"version-history":[{"count":0,"href":"https:\/\/fraynelson.com\/blog\/wp-json\/wp\/v2\/posts\/240\/revisions"}],"wp:attachment":[{"href":"https:\/\/fraynelson.com\/blog\/wp-json\/wp\/v2\/media?parent=240"}],"wp:term":[{"taxonomy":"category","embeddable":true,"href":"https:\/\/fraynelson.com\/blog\/wp-json\/wp\/v2\/categories?post=240"},{"taxonomy":"post_tag","embeddable":true,"href":"https:\/\/fraynelson.com\/blog\/wp-json\/wp\/v2\/tags?post=240"}],"curies":[{"name":"wp","href":"https:\/\/api.w.org\/{rel}","templated":true}]}}