{"id":24,"date":"2005-08-12T11:55:21","date_gmt":"2005-08-12T16:55:21","guid":{"rendered":"640240444"},"modified":"2005-08-11T12:03:09","modified_gmt":"2005-08-11T12:03:09","slug":"dos_annos","status":"publish","type":"post","link":"https:\/\/fraynelson.com\/blog\/2005\/08\/12\/dos_annos\/","title":{"rendered":"Un nuevo camino"},"content":{"rendered":"<p>Se acerca ya el segundo aniversario de este blog. Dos a\u00f1os en l\u00ednea, por bondad de mi Dios.<\/p>\n<p><p>Entrego gustosamente en manos de la Sant\u00edsima Virgen Mar\u00eda este caminar que me ha puesto en contacto con tanta gente hermosa.<\/p>\n","protected":false},"excerpt":{"rendered":"<p>Se acerca ya el segundo aniversario de este blog. Dos a\u00f1os en l\u00ednea, por bondad de mi Dios. Entrego gustosamente en manos de la Sant\u00edsima Virgen Mar\u00eda este caminar que me ha puesto en contacto con tanta gente hermosa.<\/p>\n","protected":false},"author":1138,"featured_media":0,"comment_status":"open","ping_status":"open","sticky":false,"template":"","format":"standard","meta":{"footnotes":""},"categories":[14],"tags":[],"class_list":["post-24","post","type-post","status-publish","format-standard","hentry","category-oraciones-y-poesias"],"jetpack_featured_media_url":"","_links":{"self":[{"href":"https:\/\/fraynelson.com\/blog\/wp-json\/wp\/v2\/posts\/24","targetHints":{"allow":["GET"]}}],"collection":[{"href":"https:\/\/fraynelson.com\/blog\/wp-json\/wp\/v2\/posts"}],"about":[{"href":"https:\/\/fraynelson.com\/blog\/wp-json\/wp\/v2\/types\/post"}],"author":[{"embeddable":true,"href":"https:\/\/fraynelson.com\/blog\/wp-json\/wp\/v2\/users\/1138"}],"replies":[{"embeddable":true,"href":"https:\/\/fraynelson.com\/blog\/wp-json\/wp\/v2\/comments?post=24"}],"version-history":[{"count":0,"href":"https:\/\/fraynelson.com\/blog\/wp-json\/wp\/v2\/posts\/24\/revisions"}],"wp:attachment":[{"href":"https:\/\/fraynelson.com\/blog\/wp-json\/wp\/v2\/media?parent=24"}],"wp:term":[{"taxonomy":"category","embeddable":true,"href":"https:\/\/fraynelson.com\/blog\/wp-json\/wp\/v2\/categories?post=24"},{"taxonomy":"post_tag","embeddable":true,"href":"https:\/\/fraynelson.com\/blog\/wp-json\/wp\/v2\/tags?post=24"}],"curies":[{"name":"wp","href":"https:\/\/api.w.org\/{rel}","templated":true}]}}