{"id":238,"date":"2005-01-09T01:36:00","date_gmt":"2005-01-09T06:36:00","guid":{"rendered":"2044038480"},"modified":"2005-08-25T18:49:30","modified_gmt":"2005-08-25T18:49:30","slug":"497","status":"publish","type":"post","link":"https:\/\/fraynelson.com\/blog\/2005\/01\/09\/497\/","title":{"rendered":"En Espa\u00f1ol!"},"content":{"rendered":"<p>Ayer tuvimos nuestra primera Eucarist\u00eda en espa\u00f1ol en mi convento de Dubl\u00edn. Ser\u00e1 para lo sucesivo una misa semanal, a las 7 PM. Asistieron ocho personas: una espa\u00f1ola, dos chilenos, dos irlandeses y tres argentinos. Todo ello con un sacerdote colombiano. Me sent\u00eda raro oyendo tanto espa\u00f1ol en nuestra iglesia, acostumbrada a otros acentos.<\/p>\n<p>La comunidad de mi convento ha estado muy receptiva a esta iniciativa, que en principio surgi\u00f3 de di\u00e1logos m\u00edos con el Prior. Y la verdad, creo que es buena idea porque de hecho Dubl\u00edn es cada vez m\u00e1s una ciudad cosmopolita. La presencia extranjera m\u00e1s fuerte es la de los poloneses, seguidos de cerca por los chinos.<\/p>\n<p>Por ahora estar\u00e9 encargado yo de esa Misa en Espa\u00f1ol. El acuerdo con el prior, sin embargo, es que ello no quita la asignaci\u00f3n de otras misas en ingl\u00e9s.<\/p>\n<p>\u00a1Bendito Dios por todas sus obras!<\/p>\n","protected":false},"excerpt":{"rendered":"<p>Ayer tuvimos nuestra primera Eucarist\u00eda en espa\u00f1ol en mi convento de Dubl\u00edn. Ser\u00e1 para lo sucesivo una misa semanal, a las 7 PM. Asistieron ocho personas: una espa\u00f1ola, dos chilenos, dos irlandeses y tres argentinos. Todo ello con un sacerdote colombiano. Me sent\u00eda raro oyendo tanto espa\u00f1ol en nuestra iglesia, acostumbrada a otros acentos. La &hellip; <\/p>\n<p class=\"link-more\"><a href=\"https:\/\/fraynelson.com\/blog\/2005\/01\/09\/497\/\" class=\"more-link\">Continuar leyendo<span class=\"screen-reader-text\"> &#8220;En Espa\u00f1ol!&#8221;<\/span><\/a><\/p>\n","protected":false},"author":1138,"featured_media":0,"comment_status":"open","ping_status":"open","sticky":false,"template":"","format":"standard","meta":{"footnotes":""},"categories":[3],"tags":[],"class_list":["post-238","post","type-post","status-publish","format-standard","hentry","category-noticias-personales"],"jetpack_featured_media_url":"","_links":{"self":[{"href":"https:\/\/fraynelson.com\/blog\/wp-json\/wp\/v2\/posts\/238","targetHints":{"allow":["GET"]}}],"collection":[{"href":"https:\/\/fraynelson.com\/blog\/wp-json\/wp\/v2\/posts"}],"about":[{"href":"https:\/\/fraynelson.com\/blog\/wp-json\/wp\/v2\/types\/post"}],"author":[{"embeddable":true,"href":"https:\/\/fraynelson.com\/blog\/wp-json\/wp\/v2\/users\/1138"}],"replies":[{"embeddable":true,"href":"https:\/\/fraynelson.com\/blog\/wp-json\/wp\/v2\/comments?post=238"}],"version-history":[{"count":0,"href":"https:\/\/fraynelson.com\/blog\/wp-json\/wp\/v2\/posts\/238\/revisions"}],"wp:attachment":[{"href":"https:\/\/fraynelson.com\/blog\/wp-json\/wp\/v2\/media?parent=238"}],"wp:term":[{"taxonomy":"category","embeddable":true,"href":"https:\/\/fraynelson.com\/blog\/wp-json\/wp\/v2\/categories?post=238"},{"taxonomy":"post_tag","embeddable":true,"href":"https:\/\/fraynelson.com\/blog\/wp-json\/wp\/v2\/tags?post=238"}],"curies":[{"name":"wp","href":"https:\/\/api.w.org\/{rel}","templated":true}]}}