{"id":23489,"date":"2013-11-03T12:16:45","date_gmt":"2013-11-03T17:16:45","guid":{"rendered":"http:\/\/fraynelson.com\/blog\/?p=23489"},"modified":"2013-11-03T12:16:45","modified_gmt":"2013-11-03T17:16:45","slug":"cultivar-la-discrecion","status":"publish","type":"post","link":"https:\/\/fraynelson.com\/blog\/2013\/11\/03\/cultivar-la-discrecion\/","title":{"rendered":"Cultivar la discreci\u00f3n"},"content":{"rendered":"<p>\u00bfC\u00f3mo te atreves a encarecer que te guarden el secreto&#8230;, si esta advertencia es la se\u00f1al de que no has sabido guardarlo t\u00fa?<\/p>\n<p>Discreci\u00f3n es&#8230; delicadeza. -\u00bfNo sientes una inquietud, un malestar \u00edntimo, cuando los asuntos -nobles y corrientes- de tu familia salen del calor del hogar a la indiferencia o a la curiosidad de la plaza p\u00fablica?<\/p>\n<p>Calla: No olvides que tu ideal [de servicio a Cristo] es como una lucecica reci\u00e9n encendida. -Puede bastar un soplo para apagarla en tu coraz\u00f3n.<\/p>\n<p>\u00a1Qu\u00e9 fecundo es el silencio! -Todas las energ\u00edas que me pierdes, con tus faltas de discreci\u00f3n, son energ\u00edas que restas a la eficacia de tu trabajo. -S\u00e9 discreto.<\/p>\n<p>Si fueras m\u00e1s discreto no te lamentar\u00edas interiormente del mal sabor de boca que te hace sufrir despu\u00e9s de muchas de tus conversaciones.<\/p>\n<p><a href=\"https:\/\/fraynelson.com\/blog\/categorias\/personas\/san-josemaria-escriva\/\">M\u00e1s pensamientos de San Josemar\u00eda<\/a>.<\/p>\n","protected":false},"excerpt":{"rendered":"<p>\u00bfC\u00f3mo te atreves a encarecer que te guarden el secreto&#8230;, si esta advertencia es la se\u00f1al de que no has sabido guardarlo t\u00fa? Discreci\u00f3n es&#8230; delicadeza. -\u00bfNo sientes una inquietud, un malestar \u00edntimo, cuando los asuntos -nobles y corrientes- de tu familia salen del calor del hogar a la indiferencia o a la curiosidad de &hellip; <\/p>\n<p class=\"link-more\"><a href=\"https:\/\/fraynelson.com\/blog\/2013\/11\/03\/cultivar-la-discrecion\/\" class=\"more-link\">Continuar leyendo<span class=\"screen-reader-text\"> &#8220;Cultivar la discreci\u00f3n&#8221;<\/span><\/a><\/p>\n","protected":false},"author":1138,"featured_media":0,"comment_status":"closed","ping_status":"closed","sticky":false,"template":"","format":"standard","meta":{"footnotes":""},"categories":[953,451,796],"tags":[],"class_list":["post-23489","post","type-post","status-publish","format-standard","hentry","category-camino-surco-forja","category-hablar","category-prudencia"],"jetpack_featured_media_url":"","_links":{"self":[{"href":"https:\/\/fraynelson.com\/blog\/wp-json\/wp\/v2\/posts\/23489","targetHints":{"allow":["GET"]}}],"collection":[{"href":"https:\/\/fraynelson.com\/blog\/wp-json\/wp\/v2\/posts"}],"about":[{"href":"https:\/\/fraynelson.com\/blog\/wp-json\/wp\/v2\/types\/post"}],"author":[{"embeddable":true,"href":"https:\/\/fraynelson.com\/blog\/wp-json\/wp\/v2\/users\/1138"}],"replies":[{"embeddable":true,"href":"https:\/\/fraynelson.com\/blog\/wp-json\/wp\/v2\/comments?post=23489"}],"version-history":[{"count":1,"href":"https:\/\/fraynelson.com\/blog\/wp-json\/wp\/v2\/posts\/23489\/revisions"}],"predecessor-version":[{"id":23490,"href":"https:\/\/fraynelson.com\/blog\/wp-json\/wp\/v2\/posts\/23489\/revisions\/23490"}],"wp:attachment":[{"href":"https:\/\/fraynelson.com\/blog\/wp-json\/wp\/v2\/media?parent=23489"}],"wp:term":[{"taxonomy":"category","embeddable":true,"href":"https:\/\/fraynelson.com\/blog\/wp-json\/wp\/v2\/categories?post=23489"},{"taxonomy":"post_tag","embeddable":true,"href":"https:\/\/fraynelson.com\/blog\/wp-json\/wp\/v2\/tags?post=23489"}],"curies":[{"name":"wp","href":"https:\/\/api.w.org\/{rel}","templated":true}]}}