{"id":231,"date":"2005-01-16T10:21:55","date_gmt":"2005-01-16T15:21:55","guid":{"rendered":"1801709982"},"modified":"2005-08-25T18:59:11","modified_gmt":"2005-08-25T18:59:11","slug":"504","status":"publish","type":"post","link":"https:\/\/fraynelson.com\/blog\/2005\/01\/16\/504\/","title":{"rendered":"Morir a solas en el Para\u00edso"},"content":{"rendered":"<p>&#8220;\u00bfEl carro o la vida?&#8221; Esa fue la pregunta que me hice el d\u00eda en que me atracaron con intenci\u00f3n de robarme el auto que conduc\u00eda. As\u00ed suced\u00eda en las calles de Bogot\u00e1 hace cosa de unos pocos a\u00f1os. La pregunta vuelve en una dimensi\u00f3n completamente distinta cuando leo que <strong>Eduardo Febbro<\/strong> escribe desde Par\u00eds: &#8220;los europeos parecen conducir mejor sus autos que sus propias vidas.&#8221;<\/p>\n<p><!--more--><\/p>\n<p>El art\u00edculo completo va as\u00ed:<\/p>\n<p>\n<blockquote><p>Las \u00faltimas estad\u00edsticas suministradas por los responsables de la Uni\u00f3n Europea revelan una espeluznante proporci\u00f3n de suicidios en los pa\u00edses del Viejo Continente. Los europeos parecen conducir mejor sus autos que sus propias vidas. En Europa, los muertos voluntarios superan a los que fallecen v\u00edctimas de los accidentes de la ruta. En un documento hecho p\u00fablico esta semana, el Ejecutivo europeo indica que 58.000 personas se quitan la vida cada a\u00f1o, una cifra superior a la que provocan los accidentes de tr\u00e1nsito, 50.700 personas, o a la de los cr\u00edmenes, 5350. Seg\u00fan el comisario europeo de Salud, Markos Kyprianou, ?las enfermedades mentales son el asesino invisible de Europa?. El informe de las autoridades europeas se\u00f1ala precisamente que la mayor\u00eda de los suicidios est\u00e1n ligados con una enfermedad mental, en primer lugar, la depresi\u00f3n. El 15 por ciento de las personas afectadas por la depresi\u00f3n se suicida y el 56 por ciento intenta hacerlo.<\/p>\n<p>En el conjunto de la UE, los fallecimientos ligados a la inestabilidad mental est\u00e1n en constante aumento. Las proyecciones indican que, si no se act\u00faa r\u00e1pidamente, las conductas suicidas aumentar\u00e1n de manera espectacular en la pr\u00f3xima d\u00e9cada. Cada pa\u00eds est\u00e1 enfrentado a la misma problem\u00e1tica: estr\u00e9s, soledad, desesperanza, p\u00e9rdida de identidad, disminuci\u00f3n de la cohesi\u00f3n social y familiar. Los estudios m\u00e1s recientes se\u00f1alan que una persona de cada cuatro conoce por lo menos un episodio ?significativo? de enfermedad mental en el transcurso de su vida. En Europa, no menos de 30 millones de personas sufren de depresi\u00f3n grave. Las estimaciones de los diferentes entes de Salud calculan que los desequilibrios neuropsiqui\u00e1tricos representan el 19,5 por ciento de la ?carga m\u00f3rbida? constatada en Europa. Los porcentajes son tanto m\u00e1s alarmantes cuanto que, en t\u00e9rminos de confort, protecci\u00f3n social y desarrollo, la Uni\u00f3n Europea es la regi\u00f3n m\u00e1s avanzada del mundo. Sin embargo, el mal persiste en un contexto de marcada indiferencia. El cuadro de suicidios correspondiente al Viejo Continente abarca todos los sectores sociales y las edades. Por ejemplo, en el segmento social de edades comprendidas entre los 15 y los 35 a\u00f1os el suicidio es la segunda causa de muerte despu\u00e9s de los accidentes de tr\u00e1nsito. Las evaluaciones europeas destacan la ?enorme incidencia psicol\u00f3gica, social y financiera? que acarrea el suicidio en el seno de las familias. Cada suicidio afecta ?\u00edntimamente a seis personas del n\u00facleo familiar?.<\/p>\n<p>Los comportamientos suicidas responden a un conjunto de causas subyacentes asociados a ?una compleja red de factores independientes?. Un estudio europeo destaca que esos factores pueden ser psiqui\u00e1tricos (depresi\u00f3n, esquizofrenia, alcoholismo, drogas), biol\u00f3gicos o gen\u00e9ticos (antecedentes familiares suicidas), conflictos personales (p\u00e9rdida del trabajo, de un ser querido), factores psicol\u00f3gicos (conflictos interpersonales, violencia o antecedentes de malos tratos durante la infancia), factores sociales. Comparados entre s\u00ed, los porcentajes de suicidios en los principales pa\u00edses de la Uni\u00f3n presentan un perfil no muy dispar. En todas las grandes ciudades europeas el n\u00famero de personas que viven solas no hace m\u00e1s que crecer. Los cient\u00edficos son un\u00e1nimes cuando apuntan a la soledad como una de las causantes de los trastornos ps\u00edquicos. Vivir solo, sin pareja, familia o amigos expone a los individuos a sufrir con m\u00e1s frecuencia enfermedades ps\u00edquicas. En B\u00e9lgica, el 6,3 por ciento de la poblaci\u00f3n sufre de depresi\u00f3n y ese \u00edndice sube al 8 por ciento en una capital como Bruselas. En Alemania, el \u00edndice de muertes voluntarias alcanza a m\u00e1s de 11 mil personas y a 120 mil que intentaron hacerlo sin \u00e9xito. El programaalem\u00e1n de Prevenci\u00f3n del Suicidio puso en marcha toda una serie de mecanismos pr\u00e1cticos destinados a disminuir el n\u00famero de aspirantes al m\u00e1s all\u00e1. El programa lleg\u00f3 a un acuerdo con la compa\u00f1\u00eda alemana de Ferrocarriles del Estado, Deutsche Bahn, para que \u00e9sta cubriera los hotspots, o sea, las rampas preferidas de los suicidas para arrojarse al paso de las locomotoras. Con todo, Alemania logr\u00f3 reducir en un 40 por ciento la tasa de suicidios. En los a\u00f1os ?70 hab\u00eda 25 suicidios por cada 100 mil habitantes. Hoy, el \u00edndice llega a 15. En Francia, los suicidios se sit\u00faan en las curvas europeas. Con un registro de 160 mil personas que intentan suicidarse cada a\u00f1o, entre 11 mil y 12 mil personas logran quitarse la vida. Sin embargo, la proporci\u00f3n es altamente preocupante entre los j\u00f3venes y adolescentes. Entre la poblaci\u00f3n de edades comprendidas entre 15 y 24 a\u00f1os, 50 mil j\u00f3venes buscan cada a\u00f1o poner fin a sus vidas voluntariamente, lo que hace que en este segmento de la poblaci\u00f3n el suicidio sea la segunda causa de mortandad luego de los accidentes de la ruta. Globalmente, el 35 por ciento de la poblaci\u00f3n francesa se vio afectado por el suicidio de un familiar o alguien muy cercano. Grecia, Espa\u00f1a, Italia e Irlanda presentan los porcentajes m\u00e1s bajos de suicidios en el Viejo Continente con un abanico que oscila entre 3800 y 5000 al a\u00f1o seg\u00fan los pa\u00edses. En Espa\u00f1a, por ejemplo, se producen 10,7 suicidios por cada 100 mil habitantes (4500 muertos anuales), mientras que en Hungr\u00eda la cifra sube a 34 suicidios por 100 mil habitantes. Las naciones escandinavas conocen las m\u00e1s altas tasas del Viejo Mundo.<\/p>\n<p>Comparativamente a nivel mundial, las tasas m\u00e1s elevadas de suicidios se constatan en Europa del este y Jap\u00f3n (30 mil al a\u00f1o) y las m\u00e1s bajas en Am\u00e9rica latina y algunos pa\u00edses asi\u00e1ticos. Seg\u00fan la Organizaci\u00f3n Mundial de la Salud (OMS), un mill\u00f3n de personas se suicida en el mundo cada a\u00f1o. El costo humano es mucho m\u00e1s elevado que el de las guerras o las epidemias. Ello llev\u00f3 a decir al comisario europeo de Salud, Markos Kyprianou, que ?las enfermedades mentales son tan mortales como las f\u00edsicas, como el c\u00e1ncer?. A estos porcentajes elevad\u00edsimos cabe agregarle otro a\u00fan m\u00e1s macabro revelado el mi\u00e9rcoles en un informe publicado por la Agencia Europea para las drogas: entre los a\u00f1os 1999 y 2002, m\u00e1s de 100 mil j\u00f3venes murieron en 15 pa\u00edses de la Uni\u00f3n Europea (25 pa\u00edses en la actualidad) a causa de una sobredosis de drogas. Aunados a los datos sobre el suicidio, ambas cifras hacen de muchos pa\u00edses del Viejo Continente uno de los para\u00edsos sociales donde el &#8216;mal de vivir&#8217; evocado en tantas canciones se cobra m\u00e1s vidas.<\/p>\n<\/blockquote>\n","protected":false},"excerpt":{"rendered":"<p>&#8220;\u00bfEl carro o la vida?&#8221; Esa fue la pregunta que me hice el d\u00eda en que me atracaron con intenci\u00f3n de robarme el auto que conduc\u00eda. As\u00ed suced\u00eda en las calles de Bogot\u00e1 hace cosa de unos pocos a\u00f1os. La pregunta vuelve en una dimensi\u00f3n completamente distinta cuando leo que Eduardo Febbro escribe desde Par\u00eds: &hellip; <\/p>\n<p class=\"link-more\"><a href=\"https:\/\/fraynelson.com\/blog\/2005\/01\/16\/504\/\" class=\"more-link\">Continuar leyendo<span class=\"screen-reader-text\"> &#8220;Morir a solas en el Para\u00edso&#8221;<\/span><\/a><\/p>\n","protected":false},"author":1138,"featured_media":0,"comment_status":"open","ping_status":"open","sticky":false,"template":"","format":"standard","meta":{"footnotes":""},"categories":[44],"tags":[],"class_list":["post-231","post","type-post","status-publish","format-standard","hentry","category-europa-y-occidente"],"jetpack_featured_media_url":"","_links":{"self":[{"href":"https:\/\/fraynelson.com\/blog\/wp-json\/wp\/v2\/posts\/231","targetHints":{"allow":["GET"]}}],"collection":[{"href":"https:\/\/fraynelson.com\/blog\/wp-json\/wp\/v2\/posts"}],"about":[{"href":"https:\/\/fraynelson.com\/blog\/wp-json\/wp\/v2\/types\/post"}],"author":[{"embeddable":true,"href":"https:\/\/fraynelson.com\/blog\/wp-json\/wp\/v2\/users\/1138"}],"replies":[{"embeddable":true,"href":"https:\/\/fraynelson.com\/blog\/wp-json\/wp\/v2\/comments?post=231"}],"version-history":[{"count":0,"href":"https:\/\/fraynelson.com\/blog\/wp-json\/wp\/v2\/posts\/231\/revisions"}],"wp:attachment":[{"href":"https:\/\/fraynelson.com\/blog\/wp-json\/wp\/v2\/media?parent=231"}],"wp:term":[{"taxonomy":"category","embeddable":true,"href":"https:\/\/fraynelson.com\/blog\/wp-json\/wp\/v2\/categories?post=231"},{"taxonomy":"post_tag","embeddable":true,"href":"https:\/\/fraynelson.com\/blog\/wp-json\/wp\/v2\/tags?post=231"}],"curies":[{"name":"wp","href":"https:\/\/api.w.org\/{rel}","templated":true}]}}