{"id":22455,"date":"2013-09-08T23:24:56","date_gmt":"2013-09-09T04:24:56","guid":{"rendered":"http:\/\/fraynelson.com\/blog\/?p=22455"},"modified":"2014-05-09T22:32:25","modified_gmt":"2014-05-10T03:32:25","slug":"ejercicio-de-alabanza-2-de-5-combate-espiritual","status":"publish","type":"post","link":"https:\/\/fraynelson.com\/blog\/2013\/09\/08\/ejercicio-de-alabanza-2-de-5-combate-espiritual\/","title":{"rendered":"Ejercicio de Alabanza, 2 de 5, Combate espiritual"},"content":{"rendered":"<p>[<em>Predicaci\u00f3n en el Tercer Congreso Internacional de la Renovaci\u00f3n Carism\u00e1tica Cat\u00f3lica en Asunci\u00f3n, Paraguay<\/em>.]<\/p>\n<p><strong>Tema 2 de 5: Combate espiritual<\/strong><\/p>\n<p><iframe loading=\"lazy\" title=\"Ejercicio de Alabanza, 2 de 5, Combate espiritual\" width=\"525\" height=\"295\" src=\"https:\/\/www.youtube.com\/embed\/ZPf_khqgxlw?feature=oembed\" frameborder=\"0\" allow=\"accelerometer; autoplay; clipboard-write; encrypted-media; gyroscope; picture-in-picture; web-share\" referrerpolicy=\"strict-origin-when-cross-origin\" allowfullscreen><\/iframe><\/p>\n<p>* \u00bfQu\u00e9 mueve al ser humano? En la antropolog\u00eda de Santo Tom\u00e1s se destaca el papel que tienen dos tipos de &#8220;motores&#8221; que \u00e9l llama &#8220;apetitos.&#8221; Hay, por una parte, el apetito del deleite, que m\u00e1s formalmente se llama &#8220;apetito concupiscible,&#8221; y est\u00e1 por otra parte el apetito de lucha o combate, que m\u00e1s formalmente se llama &#8220;apetito irascible.&#8221;<\/p>\n<p>* Ambos apetitos son parte de nuestro ser y, en cuanto, creados por Dios y dados a nosotros, son buenos. La carencia de motor y de motivaci\u00f3n no pueden considerarse como cosas buenas, ni la perfecci\u00f3n cristiana consiste en suprimir los apetitos, sino m\u00e1s bien en educarlos.<\/p>\n<p>* La alabanza nos ense\u00f1a a educar nuestros apetitos porque nos muestra en qui\u00e9n hemos de deleitarnos y por qui\u00e9n hemos de luchar.&#8221; Tres personajes de la Biblia resultan particularmente inspiradores en este sentido:<\/p>\n<p>(1) David contra Goliath. Hay que destacar en este relato el desenlace inesperado: el d\u00e9bil vence al fuerte, y la raz\u00f3n es que Dios le muestra a David un camino nuevo. La lecci\u00f3n que tomamos de este episodio es que podemos pedirle a Dios que nos sorprenda con su amor pues sus ideas son mejores que las nuestras.<\/p>\n<p>(2) Jerem\u00edas predicando en tiempos dif\u00edciles. El Se\u00f1or le dice a \u00e9l, y tambi\u00e9n a nosotros: &#8220;No te vuelvas a ellos; que ellos se vuelvan a ti.&#8221; Es una experiencia que uno tiene a menudo, si sabe perseverar por encima de las burlas t\u00edpicas entre los amigos o en el lugar de trabajo. La misma gente que en un momento dado se burla y ataca un d\u00eda llega a pedir ayuda o consejo.<\/p>\n<p>(3) La Sant\u00edsima Virgen, espejo de humildad: prueba viviente de que somos aceptos y amados por Dios desde la verdad de lo que somos. Es esa, nuestra realidad, la que tambi\u00e9n ha de servir de base para bendecir al Dios que obra en la vida misma.<\/p>\n<div class=\"powerpress_player\" id=\"powerpress_player_9119\"><audio class=\"wp-audio-shortcode\" id=\"audio-22455-1\" preload=\"none\" style=\"width: 100%;\" controls=\"controls\"><source type=\"audio\/mpeg\" src=\"http:\/\/fraynelson.com\/conferencias\/adoracion\/ejercicio_de_alabanza_2_de_5_combate_espiritual.mp3?_=1\" \/><a href=\"http:\/\/fraynelson.com\/conferencias\/adoracion\/ejercicio_de_alabanza_2_de_5_combate_espiritual.mp3\">http:\/\/fraynelson.com\/conferencias\/adoracion\/ejercicio_de_alabanza_2_de_5_combate_espiritual.mp3<\/a><\/audio><\/div>\n","protected":false},"excerpt":{"rendered":"<p>[Predicaci\u00f3n en el Tercer Congreso Internacional de la Renovaci\u00f3n Carism\u00e1tica Cat\u00f3lica en Asunci\u00f3n, Paraguay.] Tema 2 de 5: Combate espiritual * \u00bfQu\u00e9 mueve al ser humano? En la antropolog\u00eda de Santo Tom\u00e1s se destaca el papel que tienen dos tipos de &#8220;motores&#8221; que \u00e9l llama &#8220;apetitos.&#8221; Hay, por una parte, el apetito del deleite, que &hellip; <\/p>\n<p class=\"link-more\"><a href=\"https:\/\/fraynelson.com\/blog\/2013\/09\/08\/ejercicio-de-alabanza-2-de-5-combate-espiritual\/\" class=\"more-link\">Continuar leyendo<span class=\"screen-reader-text\"> &#8220;Ejercicio de Alabanza, 2 de 5, Combate espiritual&#8221;<\/span><\/a><\/p>\n","protected":false},"author":1138,"featured_media":0,"comment_status":"closed","ping_status":"closed","sticky":false,"template":"","format":"standard","meta":{"footnotes":""},"categories":[1018,291,321,1112,904,362,302],"tags":[],"class_list":["post-22455","post","type-post","status-publish","format-standard","hentry","category-ano-de-la-fe","category-audio","category-combate_espiritual","category-ejercicio-de-alabanza","category-paraguay","category-renovacion_carismatica","category-video"],"jetpack_featured_media_url":"","_links":{"self":[{"href":"https:\/\/fraynelson.com\/blog\/wp-json\/wp\/v2\/posts\/22455","targetHints":{"allow":["GET"]}}],"collection":[{"href":"https:\/\/fraynelson.com\/blog\/wp-json\/wp\/v2\/posts"}],"about":[{"href":"https:\/\/fraynelson.com\/blog\/wp-json\/wp\/v2\/types\/post"}],"author":[{"embeddable":true,"href":"https:\/\/fraynelson.com\/blog\/wp-json\/wp\/v2\/users\/1138"}],"replies":[{"embeddable":true,"href":"https:\/\/fraynelson.com\/blog\/wp-json\/wp\/v2\/comments?post=22455"}],"version-history":[{"count":2,"href":"https:\/\/fraynelson.com\/blog\/wp-json\/wp\/v2\/posts\/22455\/revisions"}],"predecessor-version":[{"id":27708,"href":"https:\/\/fraynelson.com\/blog\/wp-json\/wp\/v2\/posts\/22455\/revisions\/27708"}],"wp:attachment":[{"href":"https:\/\/fraynelson.com\/blog\/wp-json\/wp\/v2\/media?parent=22455"}],"wp:term":[{"taxonomy":"category","embeddable":true,"href":"https:\/\/fraynelson.com\/blog\/wp-json\/wp\/v2\/categories?post=22455"},{"taxonomy":"post_tag","embeddable":true,"href":"https:\/\/fraynelson.com\/blog\/wp-json\/wp\/v2\/tags?post=22455"}],"curies":[{"name":"wp","href":"https:\/\/api.w.org\/{rel}","templated":true}]}}