{"id":223,"date":"2005-01-24T05:22:53","date_gmt":"2005-01-24T10:22:53","guid":{"rendered":"498785650"},"modified":"2005-08-25T12:24:50","modified_gmt":"2005-08-25T12:24:50","slug":"512","status":"publish","type":"post","link":"https:\/\/fraynelson.com\/blog\/2005\/01\/24\/512\/","title":{"rendered":"Unidad de los Cristianos (1 de 7)"},"content":{"rendered":"<p><strong>Dimensiones del problema<\/strong><\/p>\n<p>Esta es la semana de oraci\u00f3n por la Unidad de los Cristianos. Tiempo, pues, para orar y para reflexionar, pues no podemos separar las s\u00faplicas de la conciencia de los errores, deficiencias y heridas por las que queremos suplicar.<\/p>\n<p><!--more--><\/p>\n<p>Ante todo, es claro el esc\u00e1ndalo. Jesucristo lig\u00f3 la evangelizaci\u00f3n hacia el mundo con la unidad entre los creyentes, pues dijo: &#8220;<i>que sean perfeccionados en unidad, para que el mundo sepa que t\u00fa me enviaste<\/i>&#8221; (Jn 17,23). Nuestra desuni\u00f3n bloquea, aplaza, ensucia, entorpece la capacidad de creer de todos, y especialmente a los que se sienten o desean distantes de la Iglesia.<\/p>\n<p>En segundo lugar, sabemos que no partimos de cero. A\u00f1os de di\u00e1logos, estudios profundos en teolog\u00eda e historia, muchas semanas de oraci\u00f3n, trabajos conjuntos a favor de pobres o discriminados: todo ello es un precedente que debemos sopesar, agradecer y conocer muy bien antes de hacer nuestro propio aporte.<\/p>\n<p>En tercer lugar, son evidentes las diferencias que la cultura y la geograf\u00eda marcan cuando hablamos de ecumenismo. No es lo mismo un di\u00e1logo teol\u00f3gico con un pastor luterano en Berl\u00edn que la respuesta que haya que dar a un morm\u00f3n en las calles de Bogot\u00e1. No es igual el modo de predicar del tele-evangelista que vende prosperidad al estudio b\u00edblico de un ex\u00e9geta presbiteriano. En fin, no estamos igualmente lejos ni en circunstancias paralelas cuando se trata de distintos grupos y subgrupos. Se sabe que la primac\u00eda han de tenerla las llamadas &#8220;iglesias hist\u00f3ricas&#8221; aunque tambi\u00e9n es sabido que su mismo robustez institucional hace menos previsible un cambio de fondo, algo as\u00ed como las a\u00f1oradas masas en retorno a la Iglesia Cat\u00f3lica.<\/p>\n<p>Precisamente, y en cuarto lugar, tampoco es claro si haya que desar un &#8220;simple&#8221; retorno a la Iglesia Cat\u00f3lica como la conocemos. De eso habr\u00e1 que continuar conversando.<\/p>\n","protected":false},"excerpt":{"rendered":"<p>Dimensiones del problema Esta es la semana de oraci\u00f3n por la Unidad de los Cristianos. Tiempo, pues, para orar y para reflexionar, pues no podemos separar las s\u00faplicas de la conciencia de los errores, deficiencias y heridas por las que queremos suplicar.<\/p>\n","protected":false},"author":1138,"featured_media":0,"comment_status":"open","ping_status":"open","sticky":false,"template":"","format":"standard","meta":{"footnotes":""},"categories":[51],"tags":[],"class_list":["post-223","post","type-post","status-publish","format-standard","hentry","category-ecumenismo"],"jetpack_featured_media_url":"","_links":{"self":[{"href":"https:\/\/fraynelson.com\/blog\/wp-json\/wp\/v2\/posts\/223","targetHints":{"allow":["GET"]}}],"collection":[{"href":"https:\/\/fraynelson.com\/blog\/wp-json\/wp\/v2\/posts"}],"about":[{"href":"https:\/\/fraynelson.com\/blog\/wp-json\/wp\/v2\/types\/post"}],"author":[{"embeddable":true,"href":"https:\/\/fraynelson.com\/blog\/wp-json\/wp\/v2\/users\/1138"}],"replies":[{"embeddable":true,"href":"https:\/\/fraynelson.com\/blog\/wp-json\/wp\/v2\/comments?post=223"}],"version-history":[{"count":0,"href":"https:\/\/fraynelson.com\/blog\/wp-json\/wp\/v2\/posts\/223\/revisions"}],"wp:attachment":[{"href":"https:\/\/fraynelson.com\/blog\/wp-json\/wp\/v2\/media?parent=223"}],"wp:term":[{"taxonomy":"category","embeddable":true,"href":"https:\/\/fraynelson.com\/blog\/wp-json\/wp\/v2\/categories?post=223"},{"taxonomy":"post_tag","embeddable":true,"href":"https:\/\/fraynelson.com\/blog\/wp-json\/wp\/v2\/tags?post=223"}],"curies":[{"name":"wp","href":"https:\/\/api.w.org\/{rel}","templated":true}]}}