{"id":22043,"date":"2013-08-16T14:52:23","date_gmt":"2013-08-16T19:52:23","guid":{"rendered":"http:\/\/fraynelson.com\/blog\/?p=22043"},"modified":"2013-08-16T14:52:23","modified_gmt":"2013-08-16T19:52:23","slug":"perfectae-caritatis-11-de-12-superiores-y-formadores","status":"publish","type":"post","link":"https:\/\/fraynelson.com\/blog\/2013\/08\/16\/perfectae-caritatis-11-de-12-superiores-y-formadores\/","title":{"rendered":"Perfectae Caritatis, 11 de 12, Superiores y formadores"},"content":{"rendered":"<p>[<em>Meditaciones para el Retiro Espiritual anual de un grupo de Hermanas Dominicas de la Inmaculada, en Quito, Ecuador<\/em>.]<\/p>\n<p><strong>Tema 11 de 12: Superiores y formadores<\/strong><\/p>\n<p>* Es imposible la renovaci\u00f3n de la vida religiosa sin la presencia y acci\u00f3n de superiores que miren con ojos nuevos a las comunidades que se les han encomendado. La novedad de esa mirada est\u00e1 en reconocer, junto a las necesidades corporales y materiales, aquellas otras necesidades que pertenecen al orden de la gracia y la vocaci\u00f3n.<\/p>\n<p>* Si preguntamos a los religiosos qu\u00e9 superiores que quieren, cuatro cualidades suelen subrayarse: fraternos, comprensivos, atentos y muy humanos.<\/p>\n<p>(1) Lo importante es que esa fraternidad nazca de Aquel que es \u201cprimog\u00e9nito de muchos hermanos\u201d (Romanos 8,29).<\/p>\n<p>(2) Y si la comprensi\u00f3n y la compasi\u00f3n implican tomar sobre s\u00ed los dolores o preocupaciones que otros sufren, entonces el superior verdaderamente comprensivo no se limita a los sufrimientos visibles y materiales sino que entiende que es una tragedia traicionar a Dios o poner en riesgo la suerte eterna.<\/p>\n<p>(3) Estar atento entonces es llamar la atenci\u00f3n sobre aquello que hace falta o se ha debilitado y amenaza ruina. No descuidar lo f\u00edsico o psicol\u00f3gico pero tampoco quedarse en ello. San Pablo escribe: \u201cEst\u00e1 sobre m\u00ed la presi\u00f3n cotidiana de la preocupaci\u00f3n por todas las iglesias. \u00bfQui\u00e9n es d\u00e9bil sin que yo sea d\u00e9bil? \u00bfA qui\u00e9n se le hace pecar sin que yo no me preocupe intensamente?\u201d (2 Corintios 11,29).<\/p>\n<p>(4) Y s\u00ed, ser muy humanos, sabiendo que Cristo \u201crevela el hombre la hombre mismo\u201d (v\u00e9ase Gaudium et Spes, 22). Un pragmatismo y un materialismo pr\u00e1ctico nos han llevado a limitar los di\u00e1logos entre superiores y sus religiosos s\u00f3lo al \u00e1mbito de la salud, las vacaciones y los edificios. Pero, \u00bfes justo cuidar los pisos y descuidar los cimientos de la vocaci\u00f3n?<\/p>\n<div class=\"powerpress_player\" id=\"powerpress_player_3089\"><audio class=\"wp-audio-shortcode\" id=\"audio-22043-1\" preload=\"none\" style=\"width: 100%;\" controls=\"controls\"><source type=\"audio\/mpeg\" src=\"http:\/\/fraynelson.com\/conferencias\/vida_consagrada\/perfectae_caritatis_11_de_12_superiores_y_formadores.mp3?_=1\" \/><a href=\"http:\/\/fraynelson.com\/conferencias\/vida_consagrada\/perfectae_caritatis_11_de_12_superiores_y_formadores.mp3\">http:\/\/fraynelson.com\/conferencias\/vida_consagrada\/perfectae_caritatis_11_de_12_superiores_y_formadores.mp3<\/a><\/audio><\/div>\n","protected":false},"excerpt":{"rendered":"<p>[Meditaciones para el Retiro Espiritual anual de un grupo de Hermanas Dominicas de la Inmaculada, en Quito, Ecuador.] Tema 11 de 12: Superiores y formadores * Es imposible la renovaci\u00f3n de la vida religiosa sin la presencia y acci\u00f3n de superiores que miren con ojos nuevos a las comunidades que se les han encomendado. La &hellip; <\/p>\n<p class=\"link-more\"><a href=\"https:\/\/fraynelson.com\/blog\/2013\/08\/16\/perfectae-caritatis-11-de-12-superiores-y-formadores\/\" class=\"more-link\">Continuar leyendo<span class=\"screen-reader-text\"> &#8220;Perfectae Caritatis, 11 de 12, Superiores y formadores&#8221;<\/span><\/a><\/p>\n","protected":false},"author":1138,"featured_media":0,"comment_status":"closed","ping_status":"closed","sticky":false,"template":"","format":"standard","meta":{"footnotes":""},"categories":[1018,291,732,1103,617],"tags":[],"class_list":["post-22043","post","type-post","status-publish","format-standard","hentry","category-ano-de-la-fe","category-audio","category-concilio-vaticano-ii","category-perfectae-caritatis","category-vida_consagrada"],"jetpack_featured_media_url":"","_links":{"self":[{"href":"https:\/\/fraynelson.com\/blog\/wp-json\/wp\/v2\/posts\/22043","targetHints":{"allow":["GET"]}}],"collection":[{"href":"https:\/\/fraynelson.com\/blog\/wp-json\/wp\/v2\/posts"}],"about":[{"href":"https:\/\/fraynelson.com\/blog\/wp-json\/wp\/v2\/types\/post"}],"author":[{"embeddable":true,"href":"https:\/\/fraynelson.com\/blog\/wp-json\/wp\/v2\/users\/1138"}],"replies":[{"embeddable":true,"href":"https:\/\/fraynelson.com\/blog\/wp-json\/wp\/v2\/comments?post=22043"}],"version-history":[{"count":1,"href":"https:\/\/fraynelson.com\/blog\/wp-json\/wp\/v2\/posts\/22043\/revisions"}],"predecessor-version":[{"id":22046,"href":"https:\/\/fraynelson.com\/blog\/wp-json\/wp\/v2\/posts\/22043\/revisions\/22046"}],"wp:attachment":[{"href":"https:\/\/fraynelson.com\/blog\/wp-json\/wp\/v2\/media?parent=22043"}],"wp:term":[{"taxonomy":"category","embeddable":true,"href":"https:\/\/fraynelson.com\/blog\/wp-json\/wp\/v2\/categories?post=22043"},{"taxonomy":"post_tag","embeddable":true,"href":"https:\/\/fraynelson.com\/blog\/wp-json\/wp\/v2\/tags?post=22043"}],"curies":[{"name":"wp","href":"https:\/\/api.w.org\/{rel}","templated":true}]}}