{"id":22030,"date":"2013-08-15T12:46:27","date_gmt":"2013-08-15T17:46:27","guid":{"rendered":"http:\/\/fraynelson.com\/blog\/?p=22030"},"modified":"2013-08-15T12:46:27","modified_gmt":"2013-08-15T17:46:27","slug":"perfectae-caritatis-08-de-12-camino-de-consagracion","status":"publish","type":"post","link":"https:\/\/fraynelson.com\/blog\/2013\/08\/15\/perfectae-caritatis-08-de-12-camino-de-consagracion\/","title":{"rendered":"Perfectae Caritatis, 08 de 12, Camino de Consagraci\u00f3n"},"content":{"rendered":"<p>[<em>Meditaciones para el Retiro Espiritual anual de un grupo de Hermanas Dominicas de la Inmaculada, en Quito, Ecuador<\/em>.]<\/p>\n<p><strong>Tema 8 de 12: Camino de Consagraci\u00f3n<\/strong><\/p>\n<p>* Santo Tom\u00e1s de Aquino destaca que la vida religiosa apunta a una perfecci\u00f3n \u201cen camino.\u201d Esto indica que el primer deber del religioso es NO DETENERSE.<\/p>\n<p>* Es importante, en este sentido, no contentarse con una definici\u00f3n \u201cnegativa\u201d de los votos, como si la perfecci\u00f3n del voto estuviera \u00fanicamente en aquella de lo que nos priva. Los votos quieren encauzarnos por la ruta de un amor que no puede dejar de crecer y perfeccionarse, hacia una plenitud cada vez mayor de paz, de alegr\u00eda y de fecundidad apost\u00f3lica.<\/p>\n<p>* \u00bfQu\u00e9 clase de eventos o situaciones tienden a detenernos en el camino? Examinamos tres:<\/p>\n<p>(1) El esc\u00e1ndalo, que produce un \u201cshock\u201d de desconcierto y desmotivaci\u00f3n. La respuesta es recordar que no vinimos a seguir a tal o cual persona sino a Cristo mismo.<\/p>\n<p>(2) La desesperaci\u00f3n, en el sentido de \u201cp\u00e9rdida de la esperanza.\u201d Se produce a veces por desilusi\u00f3n progresiva que viene como de afuera hacia adentro, o por incoherencia o acedia propia, que va como de dentro hacia afuera. La respuesta es triple: (a) Perseverar en la oraci\u00f3n, sobre todo vocal, apoy\u00e1ndose en un texto y no s\u00f3lo en la propia mente o espontaneidad; (b) Profundizar en el examen de conciencia, pidiendo sincero dolor por nuestros pecados, que incluyen las ingratitudes y las faltas por omisi\u00f3n; (c) Alimentarse del ejemplo de los que han vencido, sobre todo a trav\u00e9s de las vidas de los santos.<\/p>\n<p>(3) El cinismo, que tiene siempre como expresi\u00f3n rebajar el ideal en vez de tratar uno de crecer para alcanzarlo. El cinismo suele ser hijo de la desesperaci\u00f3n: la persona frustrada por no poder crecer espiritualmente o no poder superar tal o cual vicio, decide declarar que su mediocridad es la norma, y que as\u00ed est\u00e1n bien las cosas. Pasa entonces a llamar bien al mal, y mal al bien, en contra de la advertencia del profeta Isa\u00edas.<\/p>\n<p>Las justificaciones t\u00edpicas del c\u00ednico provienen de tres fuentes: (a) Llamar \u201cnormal\u201d a lo que se ha vuelto com\u00fan; (b) Razonar como si lo reciente o nuevo fuera necesariamente mejor, por ejemplo para justificar un comportamiento vicioso diciendo que \u201cya estamos en el siglo XXI;\u201d (c) Proclamar que hay que \u201campliar la mente\u201d sin tener en cuenta que ampliarla para llenarla de falsedad o de ignominia no es ninguna ganancia.<\/p>\n<p>La respuesta principal al cinismo es recobrar sincero apetito por la verdad; no contentarse con el enga\u00f1o seductor de la mentira sino dar un paso que restablezca la capacidad de discernir lo verdadero y lo bueno.<\/p>\n<div class=\"powerpress_player\" id=\"powerpress_player_2670\"><audio class=\"wp-audio-shortcode\" id=\"audio-22030-1\" preload=\"none\" style=\"width: 100%;\" controls=\"controls\"><source type=\"audio\/mpeg\" src=\"http:\/\/fraynelson.com\/conferencias\/vida_consagrada\/perfectae_caritatis_08_de_12_camino_de_consagracion.mp3?_=1\" \/><a href=\"http:\/\/fraynelson.com\/conferencias\/vida_consagrada\/perfectae_caritatis_08_de_12_camino_de_consagracion.mp3\">http:\/\/fraynelson.com\/conferencias\/vida_consagrada\/perfectae_caritatis_08_de_12_camino_de_consagracion.mp3<\/a><\/audio><\/div>\n","protected":false},"excerpt":{"rendered":"<p>[Meditaciones para el Retiro Espiritual anual de un grupo de Hermanas Dominicas de la Inmaculada, en Quito, Ecuador.] Tema 8 de 12: Camino de Consagraci\u00f3n * Santo Tom\u00e1s de Aquino destaca que la vida religiosa apunta a una perfecci\u00f3n \u201cen camino.\u201d Esto indica que el primer deber del religioso es NO DETENERSE. * Es importante, &hellip; <\/p>\n<p class=\"link-more\"><a href=\"https:\/\/fraynelson.com\/blog\/2013\/08\/15\/perfectae-caritatis-08-de-12-camino-de-consagracion\/\" class=\"more-link\">Continuar leyendo<span class=\"screen-reader-text\"> &#8220;Perfectae Caritatis, 08 de 12, Camino de Consagraci\u00f3n&#8221;<\/span><\/a><\/p>\n","protected":false},"author":1138,"featured_media":0,"comment_status":"closed","ping_status":"closed","sticky":false,"template":"","format":"standard","meta":{"footnotes":""},"categories":[1018,291,321,732,370,432,413,1103,617],"tags":[],"class_list":["post-22030","post","type-post","status-publish","format-standard","hentry","category-ano-de-la-fe","category-audio","category-combate_espiritual","category-concilio-vaticano-ii","category-crecimiento_espiritual","category-espiritualidad","category-oracion","category-perfectae-caritatis","category-vida_consagrada"],"jetpack_featured_media_url":"","_links":{"self":[{"href":"https:\/\/fraynelson.com\/blog\/wp-json\/wp\/v2\/posts\/22030","targetHints":{"allow":["GET"]}}],"collection":[{"href":"https:\/\/fraynelson.com\/blog\/wp-json\/wp\/v2\/posts"}],"about":[{"href":"https:\/\/fraynelson.com\/blog\/wp-json\/wp\/v2\/types\/post"}],"author":[{"embeddable":true,"href":"https:\/\/fraynelson.com\/blog\/wp-json\/wp\/v2\/users\/1138"}],"replies":[{"embeddable":true,"href":"https:\/\/fraynelson.com\/blog\/wp-json\/wp\/v2\/comments?post=22030"}],"version-history":[{"count":1,"href":"https:\/\/fraynelson.com\/blog\/wp-json\/wp\/v2\/posts\/22030\/revisions"}],"predecessor-version":[{"id":22031,"href":"https:\/\/fraynelson.com\/blog\/wp-json\/wp\/v2\/posts\/22030\/revisions\/22031"}],"wp:attachment":[{"href":"https:\/\/fraynelson.com\/blog\/wp-json\/wp\/v2\/media?parent=22030"}],"wp:term":[{"taxonomy":"category","embeddable":true,"href":"https:\/\/fraynelson.com\/blog\/wp-json\/wp\/v2\/categories?post=22030"},{"taxonomy":"post_tag","embeddable":true,"href":"https:\/\/fraynelson.com\/blog\/wp-json\/wp\/v2\/tags?post=22030"}],"curies":[{"name":"wp","href":"https:\/\/api.w.org\/{rel}","templated":true}]}}