{"id":22018,"date":"2013-08-15T03:10:25","date_gmt":"2013-08-15T08:10:25","guid":{"rendered":"http:\/\/fraynelson.com\/blog\/?p=22018"},"modified":"2013-08-14T22:05:59","modified_gmt":"2013-08-15T03:05:59","slug":"perfectae-caritatis-06-de-12-las-causas-y-los-efectos","status":"publish","type":"post","link":"https:\/\/fraynelson.com\/blog\/2013\/08\/15\/perfectae-caritatis-06-de-12-las-causas-y-los-efectos\/","title":{"rendered":"Perfectae Caritatis, 06 de 12, Las causas y los efectos"},"content":{"rendered":"<p>[<em>Meditaciones para el Retiro Espiritual anual de un grupo de Hermanas Dominicas de la Inmaculada, en Quito, Ecuador<\/em>.]<\/p>\n<p><strong>Tema 6 de 12: Las causas y los efectos<\/strong><\/p>\n<p>* \u00bfDe verdad tenemos que ser los religiosos, como lo estamos siendo tan a menudo en esta \u00e9poca, el rostro de la desobediencia y el capricho? Hay ejemplos p\u00fablicos, dolorosos, bien visibles, como sucede, y se la ha dicho, con Teresa Forcades, Alfonso Llano o Anselm Gr\u00fcn. La teolog\u00eda de muchos otros es confusa o francamente contraria la ense\u00f1anza de la Iglesia.<\/p>\n<p>* \u00bfDe donde proviene todo esto? Ciertamente, no del Concilio porque, como se ha mostrado, la doctrina conciliar es sumamente escueta y adem\u00e1s muy ce\u00f1ida a lo que siempre se ha dicho sobre la vida religiosa.<\/p>\n<p>* Parece que la ra\u00edz est\u00e1 en un deseo intenso de lograr lo que las comunidades religiosas lograron en otro tiempo pero sin la espiritualidad, la formaci\u00f3n y la obediencia que caracterizaron a los que obtuvieron tales frutos. Queremos los efectos pero no las causas.<\/p>\n<p>* Los religiosos santos, entre los cuales hay un buen n\u00famero de fundadores, llevaron claramente tres sellos: ardiente amor a Cristo; gozosa obediencia a la Iglesia; predilecci\u00f3n por los necesitados. Esa es la fuente, o causa, de la que ha surgido su modo de estar en vanguardia, hacer misiones, ser audaces en el pensamiento o abrir formas nuevas de vida cristiana. Sin esa ra\u00edz lo que podemos conseguir es repetir un cierto impacto en la gente, pero s\u00f3lo de manera forzada, puramente externa, por breve tiempo, y con grave mezcla de da\u00f1os y esc\u00e1ndalos.<\/p>\n<p>* El llamado que claramente nos hace el Se\u00f1or es a una verdadera renovaci\u00f3n, como quer\u00eda y como dispuso el Concilio Vaticano II. Desde un amor renovado se renueva la vida. La consigna que nos queda es: renovemos lo que somos y renovaremos lo que significamos.<\/p>\n<div class=\"powerpress_player\" id=\"powerpress_player_9035\"><audio class=\"wp-audio-shortcode\" id=\"audio-22018-1\" preload=\"none\" style=\"width: 100%;\" controls=\"controls\"><source type=\"audio\/mpeg\" src=\"http:\/\/fraynelson.com\/conferencias\/vida_consagrada\/perfectae_caritatis_06_de_12_causas_y_efectos.mp3?_=1\" \/><a href=\"http:\/\/fraynelson.com\/conferencias\/vida_consagrada\/perfectae_caritatis_06_de_12_causas_y_efectos.mp3\">http:\/\/fraynelson.com\/conferencias\/vida_consagrada\/perfectae_caritatis_06_de_12_causas_y_efectos.mp3<\/a><\/audio><\/div>\n","protected":false},"excerpt":{"rendered":"<p>[Meditaciones para el Retiro Espiritual anual de un grupo de Hermanas Dominicas de la Inmaculada, en Quito, Ecuador.] Tema 6 de 12: Las causas y los efectos * \u00bfDe verdad tenemos que ser los religiosos, como lo estamos siendo tan a menudo en esta \u00e9poca, el rostro de la desobediencia y el capricho? Hay ejemplos &hellip; <\/p>\n<p class=\"link-more\"><a href=\"https:\/\/fraynelson.com\/blog\/2013\/08\/15\/perfectae-caritatis-06-de-12-las-causas-y-los-efectos\/\" class=\"more-link\">Continuar leyendo<span class=\"screen-reader-text\"> &#8220;Perfectae Caritatis, 06 de 12, Las causas y los efectos&#8221;<\/span><\/a><\/p>\n","protected":false},"author":1138,"featured_media":0,"comment_status":"closed","ping_status":"closed","sticky":false,"template":"","format":"standard","meta":{"footnotes":""},"categories":[1018,291,732,1103,617],"tags":[],"class_list":["post-22018","post","type-post","status-publish","format-standard","hentry","category-ano-de-la-fe","category-audio","category-concilio-vaticano-ii","category-perfectae-caritatis","category-vida_consagrada"],"jetpack_featured_media_url":"","_links":{"self":[{"href":"https:\/\/fraynelson.com\/blog\/wp-json\/wp\/v2\/posts\/22018","targetHints":{"allow":["GET"]}}],"collection":[{"href":"https:\/\/fraynelson.com\/blog\/wp-json\/wp\/v2\/posts"}],"about":[{"href":"https:\/\/fraynelson.com\/blog\/wp-json\/wp\/v2\/types\/post"}],"author":[{"embeddable":true,"href":"https:\/\/fraynelson.com\/blog\/wp-json\/wp\/v2\/users\/1138"}],"replies":[{"embeddable":true,"href":"https:\/\/fraynelson.com\/blog\/wp-json\/wp\/v2\/comments?post=22018"}],"version-history":[{"count":1,"href":"https:\/\/fraynelson.com\/blog\/wp-json\/wp\/v2\/posts\/22018\/revisions"}],"predecessor-version":[{"id":22023,"href":"https:\/\/fraynelson.com\/blog\/wp-json\/wp\/v2\/posts\/22018\/revisions\/22023"}],"wp:attachment":[{"href":"https:\/\/fraynelson.com\/blog\/wp-json\/wp\/v2\/media?parent=22018"}],"wp:term":[{"taxonomy":"category","embeddable":true,"href":"https:\/\/fraynelson.com\/blog\/wp-json\/wp\/v2\/categories?post=22018"},{"taxonomy":"post_tag","embeddable":true,"href":"https:\/\/fraynelson.com\/blog\/wp-json\/wp\/v2\/tags?post=22018"}],"curies":[{"name":"wp","href":"https:\/\/api.w.org\/{rel}","templated":true}]}}