{"id":21178,"date":"2013-06-18T01:26:26","date_gmt":"2013-06-18T06:26:26","guid":{"rendered":"http:\/\/fraynelson.com\/blog\/?p=21178"},"modified":"2013-06-15T16:30:06","modified_gmt":"2013-06-15T21:30:06","slug":"final-de-la-vida-y-muerte-digna","status":"publish","type":"post","link":"https:\/\/fraynelson.com\/blog\/2013\/06\/18\/final-de-la-vida-y-muerte-digna\/","title":{"rendered":"Final de la vida y muerte digna"},"content":{"rendered":"<p>&#8220;Las Leyes de &#8220;muerte digna&#8221;: 1) establecen un inexistente &#8220;derecho a la sedaci\u00f3n&#8221;  sin considerar las condiciones de dosis y situaciones cl\u00ednicas concretas en las que solo se debe aplicar la sedaci\u00f3n como tratamiento. 2) No diferencian retiradas de soporte que pueden ser desproporcionadas, de los soportes vitales b\u00e1sicos y proporcionados como la hidrataci\u00f3n y nutrici\u00f3n, considerando que todos ellos pueden ser igualmente rechazados. ?3) Y obligan a los profesionales, a trav\u00e9s de sanciones, al cumplimiento de estos &#8220;nuevos derechos&#8221; para &#8220;congragrar los derechos de autodeterminaci\u00f3n decisoria al final de la vida&#8221;, aunque puedan ser contrarios a la lex artis (buena pr\u00e1ctica cl\u00ednica) y no conformes a la \u00e9tica profesional: Con estos tres elementos, y en nombre de la &#8220;muerte digna&#8221;, se dan cabida a actuaciones de eutanasia encubierta&#8230;&#8221;<\/p>\n<p><a href=\"https:\/\/www.evernote.com\/shard\/s254\/sh\/eff83548-62b1-4487-bc19-82da9fc6a5d9\/a9bd0c9828f881eb56ad95e7640a843d\" target=\"_blank\"><img decoding=\"async\" src=\"http:\/\/fraynelson.com\/banco_imagenes\/recomendados\/20130620.jpg\" alt=\"Muerte digna\" \/><\/p>\n<p>Click!<\/a><\/p>\n","protected":false},"excerpt":{"rendered":"<p>&#8220;Las Leyes de &#8220;muerte digna&#8221;: 1) establecen un inexistente &#8220;derecho a la sedaci\u00f3n&#8221; sin considerar las condiciones de dosis y situaciones cl\u00ednicas concretas en las que solo se debe aplicar la sedaci\u00f3n como tratamiento. 2) No diferencian retiradas de soporte que pueden ser desproporcionadas, de los soportes vitales b\u00e1sicos y proporcionados como la hidrataci\u00f3n y &hellip; <\/p>\n<p class=\"link-more\"><a href=\"https:\/\/fraynelson.com\/blog\/2013\/06\/18\/final-de-la-vida-y-muerte-digna\/\" class=\"more-link\">Continuar leyendo<span class=\"screen-reader-text\"> &#8220;Final de la vida y muerte digna&#8221;<\/span><\/a><\/p>\n","protected":false},"author":1138,"featured_media":0,"comment_status":"closed","ping_status":"closed","sticky":false,"template":"","format":"standard","meta":{"footnotes":""},"categories":[558,620,739],"tags":[],"class_list":["post-21178","post","type-post","status-publish","format-standard","hentry","category-defensa_de_la_vida","category-enlaces","category-eutanasia"],"jetpack_featured_media_url":"","_links":{"self":[{"href":"https:\/\/fraynelson.com\/blog\/wp-json\/wp\/v2\/posts\/21178","targetHints":{"allow":["GET"]}}],"collection":[{"href":"https:\/\/fraynelson.com\/blog\/wp-json\/wp\/v2\/posts"}],"about":[{"href":"https:\/\/fraynelson.com\/blog\/wp-json\/wp\/v2\/types\/post"}],"author":[{"embeddable":true,"href":"https:\/\/fraynelson.com\/blog\/wp-json\/wp\/v2\/users\/1138"}],"replies":[{"embeddable":true,"href":"https:\/\/fraynelson.com\/blog\/wp-json\/wp\/v2\/comments?post=21178"}],"version-history":[{"count":1,"href":"https:\/\/fraynelson.com\/blog\/wp-json\/wp\/v2\/posts\/21178\/revisions"}],"predecessor-version":[{"id":21179,"href":"https:\/\/fraynelson.com\/blog\/wp-json\/wp\/v2\/posts\/21178\/revisions\/21179"}],"wp:attachment":[{"href":"https:\/\/fraynelson.com\/blog\/wp-json\/wp\/v2\/media?parent=21178"}],"wp:term":[{"taxonomy":"category","embeddable":true,"href":"https:\/\/fraynelson.com\/blog\/wp-json\/wp\/v2\/categories?post=21178"},{"taxonomy":"post_tag","embeddable":true,"href":"https:\/\/fraynelson.com\/blog\/wp-json\/wp\/v2\/tags?post=21178"}],"curies":[{"name":"wp","href":"https:\/\/api.w.org\/{rel}","templated":true}]}}