{"id":20815,"date":"2013-05-21T18:52:07","date_gmt":"2013-05-21T23:52:07","guid":{"rendered":"http:\/\/fraynelson.com\/blog\/?p=20815"},"modified":"2013-05-22T09:28:42","modified_gmt":"2013-05-22T14:28:42","slug":"catolico-soy-1-de-3","status":"publish","type":"post","link":"https:\/\/fraynelson.com\/blog\/2013\/05\/21\/catolico-soy-1-de-3\/","title":{"rendered":"Catolico Soy, 1 de 3"},"content":{"rendered":"<p>[<em>Conferencia ofrecida a todos en el Coliseo del Colegio Santa Anita, en Lima. Mayo de 2013<\/em>.]<\/p>\n<p>* La Renovaci\u00f3n carism\u00e1tica ha sido particularmente elocuente en mostrar la importancia que la experiencia de saberse amado por Dios tiene en la transformaci\u00f3n de una vida. No cabe duda que ese amor primero, impregnado de gozo que contagia, es una base firme para abrazar y practicar la fe pero no lo resuelve todo.<\/p>\n<p>* Debemos saber que los enemigos de la fe ciertamente se preparan de muchos modos, y entre ellos, a trav\u00e9s de argumentaciones sofisticadas que resultan seductoras para muchos. El car\u00e1cter de las discusiones \u00e9ticas y religiosas de nuestra \u00e9poca reclama una formaci\u00f3n amplia y firme. Formarse ya no es una opci\u00f3n m\u00e1s: es una obligaci\u00f3n de la que no puede uno eximirse sin exponerse gravemente a da\u00f1os irreparables.<\/p>\n<p>* Hay entonces que entregar al se\u00f1or\u00edo de Cristo todo nuestro ser, y eso incluye por supuesto nuestra inteligencia, as\u00ed como los dem\u00e1s talentos que de Dios hemos recibido.<\/p>\n<p>* Algunas p\u00e1ginas web particularmente \u00fatiles en nuestra formaci\u00f3n:<\/p>\n<ol>\n<li><a href=\"http:\/\/corazones.org\" target=\"_blank\">corazones.org<\/a><\/li>\n<li><a href=\"http:\/\/apologeticacatolica.org\" target=\"_blank\">apologeticacatolica.org<\/a><\/li>\n<li><a href=\"http:\/\/www.ewtn.com\/espanol\/\" target=\"_blank\">ewtn.com<\/a><\/li>\n<li><a href=\"http:\/\/es.catholic.net\" target=\"_blank\">es.catholic.net<\/a><\/li>\n<li><a href=\"http:\/\/fraynelson.com\">fraynelson.com<\/a><\/li>\n<li><a href=\"http:\/\/vatican.va\" target=\"_blank\">vatican.va<\/a><\/li>\n<li><a href=\"http:\/\/mercaba.org\" target=\"_blank\">mercaba.org<\/a><\/li>\n<\/ol>\n<div class=\"powerpress_player\" id=\"powerpress_player_247\"><audio class=\"wp-audio-shortcode\" id=\"audio-20815-1\" preload=\"none\" style=\"width: 100%;\" controls=\"controls\"><source type=\"audio\/mpeg\" src=\"http:\/\/fraynelson.com\/conferencias\/discipulos\/catolico_soy_1_de_3.mp3?_=1\" \/><a href=\"http:\/\/fraynelson.com\/conferencias\/discipulos\/catolico_soy_1_de_3.mp3\">http:\/\/fraynelson.com\/conferencias\/discipulos\/catolico_soy_1_de_3.mp3<\/a><\/audio><\/div>\n","protected":false},"excerpt":{"rendered":"<p>[Conferencia ofrecida a todos en el Coliseo del Colegio Santa Anita, en Lima. Mayo de 2013.] * La Renovaci\u00f3n carism\u00e1tica ha sido particularmente elocuente en mostrar la importancia que la experiencia de saberse amado por Dios tiene en la transformaci\u00f3n de una vida. No cabe duda que ese amor primero, impregnado de gozo que contagia, &hellip; <\/p>\n<p class=\"link-more\"><a href=\"https:\/\/fraynelson.com\/blog\/2013\/05\/21\/catolico-soy-1-de-3\/\" class=\"more-link\">Continuar leyendo<span class=\"screen-reader-text\"> &#8220;Catolico Soy, 1 de 3&#8221;<\/span><\/a><\/p>\n","protected":false},"author":1138,"featured_media":0,"comment_status":"closed","ping_status":"closed","sticky":false,"template":"","format":"standard","meta":{"footnotes":""},"categories":[1018,623,291,1083,368,800],"tags":[],"class_list":["post-20815","post","type-post","status-publish","format-standard","hentry","category-ano-de-la-fe","category-apologetica-sectas","category-audio","category-catolico-soy","category-formacion","category-lima"],"jetpack_featured_media_url":"","_links":{"self":[{"href":"https:\/\/fraynelson.com\/blog\/wp-json\/wp\/v2\/posts\/20815","targetHints":{"allow":["GET"]}}],"collection":[{"href":"https:\/\/fraynelson.com\/blog\/wp-json\/wp\/v2\/posts"}],"about":[{"href":"https:\/\/fraynelson.com\/blog\/wp-json\/wp\/v2\/types\/post"}],"author":[{"embeddable":true,"href":"https:\/\/fraynelson.com\/blog\/wp-json\/wp\/v2\/users\/1138"}],"replies":[{"embeddable":true,"href":"https:\/\/fraynelson.com\/blog\/wp-json\/wp\/v2\/comments?post=20815"}],"version-history":[{"count":3,"href":"https:\/\/fraynelson.com\/blog\/wp-json\/wp\/v2\/posts\/20815\/revisions"}],"predecessor-version":[{"id":20826,"href":"https:\/\/fraynelson.com\/blog\/wp-json\/wp\/v2\/posts\/20815\/revisions\/20826"}],"wp:attachment":[{"href":"https:\/\/fraynelson.com\/blog\/wp-json\/wp\/v2\/media?parent=20815"}],"wp:term":[{"taxonomy":"category","embeddable":true,"href":"https:\/\/fraynelson.com\/blog\/wp-json\/wp\/v2\/categories?post=20815"},{"taxonomy":"post_tag","embeddable":true,"href":"https:\/\/fraynelson.com\/blog\/wp-json\/wp\/v2\/tags?post=20815"}],"curies":[{"name":"wp","href":"https:\/\/api.w.org\/{rel}","templated":true}]}}