{"id":20801,"date":"2013-05-20T18:35:01","date_gmt":"2013-05-20T23:35:01","guid":{"rendered":"http:\/\/fraynelson.com\/blog\/?p=20801"},"modified":"2014-05-09T16:41:43","modified_gmt":"2014-05-09T21:41:43","slug":"ave-maria-un-retiro-en-el-espiritu-3-de-6","status":"publish","type":"post","link":"https:\/\/fraynelson.com\/blog\/2013\/05\/20\/ave-maria-un-retiro-en-el-espiritu-3-de-6\/","title":{"rendered":"AVE MARIA, Un retiro en el Espiritu, 3 de 6"},"content":{"rendered":"<p>[<em>Retiro ofrecido a un grupo de laicos de la Renovaci\u00f3n Carism\u00e1tica en Lima, Per\u00fa, para el Pentecost\u00e9s 2013<\/em>.]<\/p>\n<p><iframe loading=\"lazy\" title=\"AVE MARIA, Un retiro en el Espiritu, 3 de 6\" width=\"525\" height=\"295\" src=\"https:\/\/www.youtube.com\/embed\/j1rE-qFXqQM?feature=oembed\" frameborder=\"0\" allow=\"accelerometer; autoplay; clipboard-write; encrypted-media; gyroscope; picture-in-picture; web-share\" referrerpolicy=\"strict-origin-when-cross-origin\" allowfullscreen><\/iframe><\/p>\n<p>* Hay la idea de que ser pobre o ser humilde es se\u00f1al de cobard\u00eda, debilidad o incapacidad de defender lo que uno cree y valora.<\/p>\n<p>* El fil\u00f3sofo anticristiano Friedrich Nietzsche, por ejemplo, ve\u00eda en la moral cristiana un ejemplo de lo que es &#8220;moral de esclavos.&#8221;<\/p>\n<p>* Lo que nos muestra la Biblia con respecto a los Pobres de Yahv\u00e9 es muy diferente. Esta es gente que se ha decepcionado de todo y de todos: ya no les creen a los poderosos y por eso son m\u00e1s inmunes que el resto de la humanidad a las promesas vac\u00edas y a las amenazas continuas.<\/p>\n<p>* As\u00ed entendida, la pobreza une estrechamente a la verdad y a la libertad. El exhibicionismo y la arrogancia, tan propios del que se cree fuerte o quiere impresionar, es algo que no existe en el que vive la espiritualidad de la pobreza.<\/p>\n<p>* Claramente la libertad de acci\u00f3n de la Virgen Mar\u00eda, que sale de s\u00ed misma para servir a su anciana pariente Isabel, o la libertad de Jes\u00fas, a\u00fan ni\u00f1o, cuando interpela a los Maestros de la Ley, hablan de esa dignidad recuperada que no suele asociarse con la pobreza pero que en realidad est\u00e1 ah\u00ed, por una raz\u00f3n muy sencilla: a menos \u00eddolos, m\u00e1s presencia y fuerza de Dios.<\/p>\n<div class=\"powerpress_player\" id=\"powerpress_player_8373\"><audio class=\"wp-audio-shortcode\" id=\"audio-20801-1\" preload=\"none\" style=\"width: 100%;\" controls=\"controls\"><source type=\"audio\/mpeg\" src=\"http:\/\/fraynelson.com\/conferencias\/mariologia\/camino_de_pentecostes_con_Maria_3_de_6.mp3?_=1\" \/><a href=\"http:\/\/fraynelson.com\/conferencias\/mariologia\/camino_de_pentecostes_con_Maria_3_de_6.mp3\">http:\/\/fraynelson.com\/conferencias\/mariologia\/camino_de_pentecostes_con_Maria_3_de_6.mp3<\/a><\/audio><\/div>\n","protected":false},"excerpt":{"rendered":"<p>[Retiro ofrecido a un grupo de laicos de la Renovaci\u00f3n Carism\u00e1tica en Lima, Per\u00fa, para el Pentecost\u00e9s 2013.] * Hay la idea de que ser pobre o ser humilde es se\u00f1al de cobard\u00eda, debilidad o incapacidad de defender lo que uno cree y valora. * El fil\u00f3sofo anticristiano Friedrich Nietzsche, por ejemplo, ve\u00eda en la &hellip; <\/p>\n<p class=\"link-more\"><a href=\"https:\/\/fraynelson.com\/blog\/2013\/05\/20\/ave-maria-un-retiro-en-el-espiritu-3-de-6\/\" class=\"more-link\">Continuar leyendo<span class=\"screen-reader-text\"> &#8220;AVE MARIA, Un retiro en el Espiritu, 3 de 6&#8221;<\/span><\/a><\/p>\n","protected":false},"author":1138,"featured_media":0,"comment_status":"closed","ping_status":"closed","sticky":false,"template":"","format":"standard","meta":{"footnotes":""},"categories":[291,391,477,984,1082,302],"tags":[],"class_list":["post-20801","post","type-post","status-publish","format-standard","hentry","category-audio","category-pentecostes","category-pobres","category-pobreza","category-retiro-ave-maria","category-video"],"jetpack_featured_media_url":"","_links":{"self":[{"href":"https:\/\/fraynelson.com\/blog\/wp-json\/wp\/v2\/posts\/20801","targetHints":{"allow":["GET"]}}],"collection":[{"href":"https:\/\/fraynelson.com\/blog\/wp-json\/wp\/v2\/posts"}],"about":[{"href":"https:\/\/fraynelson.com\/blog\/wp-json\/wp\/v2\/types\/post"}],"author":[{"embeddable":true,"href":"https:\/\/fraynelson.com\/blog\/wp-json\/wp\/v2\/users\/1138"}],"replies":[{"embeddable":true,"href":"https:\/\/fraynelson.com\/blog\/wp-json\/wp\/v2\/comments?post=20801"}],"version-history":[{"count":4,"href":"https:\/\/fraynelson.com\/blog\/wp-json\/wp\/v2\/posts\/20801\/revisions"}],"predecessor-version":[{"id":27688,"href":"https:\/\/fraynelson.com\/blog\/wp-json\/wp\/v2\/posts\/20801\/revisions\/27688"}],"wp:attachment":[{"href":"https:\/\/fraynelson.com\/blog\/wp-json\/wp\/v2\/media?parent=20801"}],"wp:term":[{"taxonomy":"category","embeddable":true,"href":"https:\/\/fraynelson.com\/blog\/wp-json\/wp\/v2\/categories?post=20801"},{"taxonomy":"post_tag","embeddable":true,"href":"https:\/\/fraynelson.com\/blog\/wp-json\/wp\/v2\/tags?post=20801"}],"curies":[{"name":"wp","href":"https:\/\/api.w.org\/{rel}","templated":true}]}}