{"id":20695,"date":"2013-05-14T01:36:16","date_gmt":"2013-05-14T06:36:16","guid":{"rendered":"http:\/\/fraynelson.com\/blog\/?p=20695"},"modified":"2013-05-13T15:51:04","modified_gmt":"2013-05-13T20:51:04","slug":"el-camino-de-la-eutanasia-disimulada-al-homicidio-descarado","status":"publish","type":"post","link":"https:\/\/fraynelson.com\/blog\/2013\/05\/14\/el-camino-de-la-eutanasia-disimulada-al-homicidio-descarado\/","title":{"rendered":"El camino que va de la eutanasia disimulada al homicidio descarado"},"content":{"rendered":"<p>&#8220;El hecho es que, en la Holanda de los \u00faltimos a\u00f1os, y a pesar del sistema de garant\u00edas formales establecido por las autoridades, junto a una media de unos 2.300 casos anuales en los que se ha aplicado la eutanasia activa y a otros 400 de suicidio acompa\u00f1ado, se sabe que m\u00e1s de 1.000 personas han recibido anualmente la inyecci\u00f3n letal sin su consentimiento&#8230;&#8221;<\/p>\n<p><a href=\"https:\/\/www.evernote.com\/shard\/s254\/sh\/e2dd4475-7963-4d5b-9197-32877dc7503a\/44e3e87de37cc409386ba7fdaf15f055\" target=\"_blank\"><img decoding=\"async\" src=\"http:\/\/fraynelson.com\/banco_imagenes\/recomendados\/20130516.jpg\" alt=\"De la eutanasia al homicidio\" \/><\/p>\n<p>Click!<\/a><\/p>\n","protected":false},"excerpt":{"rendered":"<p>&#8220;El hecho es que, en la Holanda de los \u00faltimos a\u00f1os, y a pesar del sistema de garant\u00edas formales establecido por las autoridades, junto a una media de unos 2.300 casos anuales en los que se ha aplicado la eutanasia activa y a otros 400 de suicidio acompa\u00f1ado, se sabe que m\u00e1s de 1.000 personas &hellip; <\/p>\n<p class=\"link-more\"><a href=\"https:\/\/fraynelson.com\/blog\/2013\/05\/14\/el-camino-de-la-eutanasia-disimulada-al-homicidio-descarado\/\" class=\"more-link\">Continuar leyendo<span class=\"screen-reader-text\"> &#8220;El camino que va de la eutanasia disimulada al homicidio descarado&#8221;<\/span><\/a><\/p>\n","protected":false},"author":1138,"featured_media":0,"comment_status":"closed","ping_status":"closed","sticky":false,"template":"","format":"standard","meta":{"footnotes":""},"categories":[558,620,44,739],"tags":[],"class_list":["post-20695","post","type-post","status-publish","format-standard","hentry","category-defensa_de_la_vida","category-enlaces","category-europa-y-occidente","category-eutanasia"],"jetpack_featured_media_url":"","_links":{"self":[{"href":"https:\/\/fraynelson.com\/blog\/wp-json\/wp\/v2\/posts\/20695","targetHints":{"allow":["GET"]}}],"collection":[{"href":"https:\/\/fraynelson.com\/blog\/wp-json\/wp\/v2\/posts"}],"about":[{"href":"https:\/\/fraynelson.com\/blog\/wp-json\/wp\/v2\/types\/post"}],"author":[{"embeddable":true,"href":"https:\/\/fraynelson.com\/blog\/wp-json\/wp\/v2\/users\/1138"}],"replies":[{"embeddable":true,"href":"https:\/\/fraynelson.com\/blog\/wp-json\/wp\/v2\/comments?post=20695"}],"version-history":[{"count":2,"href":"https:\/\/fraynelson.com\/blog\/wp-json\/wp\/v2\/posts\/20695\/revisions"}],"predecessor-version":[{"id":20698,"href":"https:\/\/fraynelson.com\/blog\/wp-json\/wp\/v2\/posts\/20695\/revisions\/20698"}],"wp:attachment":[{"href":"https:\/\/fraynelson.com\/blog\/wp-json\/wp\/v2\/media?parent=20695"}],"wp:term":[{"taxonomy":"category","embeddable":true,"href":"https:\/\/fraynelson.com\/blog\/wp-json\/wp\/v2\/categories?post=20695"},{"taxonomy":"post_tag","embeddable":true,"href":"https:\/\/fraynelson.com\/blog\/wp-json\/wp\/v2\/tags?post=20695"}],"curies":[{"name":"wp","href":"https:\/\/api.w.org\/{rel}","templated":true}]}}